{"id":113563,"date":"2025-05-10T08:25:32","date_gmt":"2025-05-10T08:25:32","guid":{"rendered":"https:\/\/rdnews.al\/?p=113563"},"modified":"2025-05-10T08:25:32","modified_gmt":"2025-05-10T08:25:32","slug":"blerja-e-votave-nga-ps-spak-reagon-pasi-pd-bllokoi-makinen-konfirmohet-shuma-e-parave-ne-mjetin-luksoz","status":"publish","type":"post","link":"https:\/\/rdnews.al\/index.php\/2025\/05\/10\/blerja-e-votave-nga-ps-spak-reagon-pasi-pd-bllokoi-makinen-konfirmohet-shuma-e-parave-ne-mjetin-luksoz\/","title":{"rendered":"Blerja e votave nga PS\/ SPAK reagon pasi PD bllokoi makin\u00ebn, konfirmohet shuma e parave n\u00eb mjetin luksoz"},"content":{"rendered":"<p>Burime nga Policia e Dibr\u00ebs konfirmuan se agjent\u00ebt e BKH-s\u00eb me urdh\u00ebr t\u00eb prokurorit t\u00eb SPAK, Elvin Gokaj, kan\u00eb bllokuar makin\u00ebn e Fiqiri Palit dhe kan\u00eb konfirmuar shum\u00ebn e gjetur t\u00eb parave brenda saj.<\/p>\n<p>Automjeti \u00ebsht\u00eb shoq\u00ebruar n\u00eb Drejtorin\u00eb Vendore t\u00eb Policis\u00eb s\u00eb Dibr\u00ebs dhe po merret n\u00eb pyetje nj\u00eb shtetas q\u00eb drejtonte makin\u00ebn e Palit.<\/p>\n<p>Makina luksoze e biznesmenit ndodhet e bllokuar si prov\u00eb materiale, dhe n\u00eb var\u00ebsi t\u00eb hetimeve, do t\u00eb vendoset n\u00ebse merret mas\u00eb sigurie p\u00ebr shoferin q\u00eb e drejtonte.<\/p>\n<p>Gjithashtu po kryhen verifikime edhe p\u00ebr persona t\u00eb tjer\u00eb, me dyshimet se ishin angazhuar n\u00eb Maqellar\u00eb, por jo vet\u00ebm, p\u00ebr t\u00eb ndikuar tek zgjedh\u00ebsit p\u00ebrmes shumave monetare q\u00eb t\u00eb merrnin mb\u00ebshtetjen e tyre n\u00eb votime p\u00ebr Partin\u00eb Socialiste dhe kandidat\u00ebt e saj.<\/p>\n<p>Drejtuesi politik i PD p\u00ebr Qarkun, Xhemal Gjunkshi ka ndaluar mbr\u00ebm\u00eb automjetin \u2013 i cili sipas informacioneve paraprake \u2013 dyshohet se po transportonte materiale zgjedhore dhe para p\u00ebr blerje votash n\u00eb favor t\u00eb Partis\u00eb Socialiste.<\/p>\n<p>N\u00eb nj\u00eb lidhje live me SYRI TV, Gjunkshi sqaroi se ngjarja ka ndodhur n\u00eb rrethrrotullimin e Maqellar\u00ebs, ku automjeti n\u00eb fjal\u00eb \u00ebsht\u00eb ndalur nga deputeti Gjunkshi dhe p\u00ebrfaq\u00ebsues t\u00eb opozit\u00ebs, t\u00eb cil\u00ebt kan\u00eb k\u00ebrkuar verifikimin e menj\u00ebhersh\u00ebm t\u00eb p\u00ebrmbajtjes s\u00eb mjetit.<\/p>\n<p>Sipas burimeve n\u00eb terren, dyshohet se n\u00eb makin\u00eb ndodheshin zarfe me para dhe lista emrash, q\u00eb mund t\u00eb p\u00ebrdoreshin p\u00ebr manipulim elektoral n\u00eb zon\u00ebn e njohur p\u00ebr gar\u00eb t\u00eb fort\u00eb mes mazhoranc\u00ebs dhe opozit\u00ebs.<\/p>\n","protected":false},"excerpt":{"rendered":"<p>Burime nga Policia e Dibr\u00ebs konfirmuan se agjent\u00ebt e BKH-s\u00eb me urdh\u00ebr t\u00eb prokurorit t\u00eb SPAK, Elvin Gokaj, kan\u00eb bllokuar makin\u00ebn e Fiqiri Palit dhe kan\u00eb konfirmuar shum\u00ebn e gjetur t\u00eb parave brenda saj. Automjeti \u00ebsht\u00eb shoq\u00ebruar n\u00eb Drejtorin\u00eb Vendore t\u00eb Policis\u00eb s\u00eb Dibr\u00ebs dhe po merret n\u00eb pyetje nj\u00eb shtetas q\u00eb drejtonte makin\u00ebn e &hellip;<\/p>\n","protected":false},"author":4,"featured_media":113564,"comment_status":"closed","ping_status":"closed","sticky":false,"template":"","format":"standard","meta":{"footnotes":""},"categories":[37],"tags":[],"class_list":["post-113563","post","type-post","status-publish","format-standard","has-post-thumbnail","","category-politike"],"_links":{"self":[{"href":"https:\/\/rdnews.al\/index.php\/wp-json\/wp\/v2\/posts\/113563","targetHints":{"allow":["GET"]}}],"collection":[{"href":"https:\/\/rdnews.al\/index.php\/wp-json\/wp\/v2\/posts"}],"about":[{"href":"https:\/\/rdnews.al\/index.php\/wp-json\/wp\/v2\/types\/post"}],"author":[{"embeddable":true,"href":"https:\/\/rdnews.al\/index.php\/wp-json\/wp\/v2\/users\/4"}],"replies":[{"embeddable":true,"href":"https:\/\/rdnews.al\/index.php\/wp-json\/wp\/v2\/comments?post=113563"}],"version-history":[{"count":1,"href":"https:\/\/rdnews.al\/index.php\/wp-json\/wp\/v2\/posts\/113563\/revisions"}],"predecessor-version":[{"id":113565,"href":"https:\/\/rdnews.al\/index.php\/wp-json\/wp\/v2\/posts\/113563\/revisions\/113565"}],"wp:featuredmedia":[{"embeddable":true,"href":"https:\/\/rdnews.al\/index.php\/wp-json\/wp\/v2\/media\/113564"}],"wp:attachment":[{"href":"https:\/\/rdnews.al\/index.php\/wp-json\/wp\/v2\/media?parent=113563"}],"wp:term":[{"taxonomy":"category","embeddable":true,"href":"https:\/\/rdnews.al\/index.php\/wp-json\/wp\/v2\/categories?post=113563"},{"taxonomy":"post_tag","embeddable":true,"href":"https:\/\/rdnews.al\/index.php\/wp-json\/wp\/v2\/tags?post=113563"}],"curies":[{"name":"wp","href":"https:\/\/api.w.org\/{rel}","templated":true}]}}