{"id":113573,"date":"2025-05-10T09:43:50","date_gmt":"2025-05-10T09:43:50","guid":{"rendered":"https:\/\/rdnews.al\/?p=113573"},"modified":"2025-05-10T09:43:50","modified_gmt":"2025-05-10T09:43:50","slug":"beje-nje-vetevrasje-politike","status":"publish","type":"post","link":"https:\/\/rdnews.al\/index.php\/2025\/05\/10\/beje-nje-vetevrasje-politike\/","title":{"rendered":"B\u00ebje nj\u00eb vet\u00ebvrasje politike"},"content":{"rendered":"<p><strong>Nga Sami MILLOSHI<\/strong><\/p>\n<p>Q\u00eb ti do t\u00eb ik\u00ebsh, kjo \u00ebsht\u00eb si nj\u00eb dhe nj\u00eb b\u00ebjn\u00eb dy. Por, q\u00eb t\u00eb ik\u00ebsh me lavdi, duke l\u00ebn\u00eb gjurm\u00eb n\u00eb histori, b\u00ebje nj\u00eb vet\u00ebvrasje politike. Q\u00eb do t\u00eb thot\u00eb: dil para kamerave n\u00eb zyr\u00ebn t\u00ebnde dhe jep dor\u00ebheqjen me 10 Maj 2025, n\u00eb dark\u00eb.<\/p>\n<p>K\u00ebshtu do t\u00eb mbahesh mend nd\u00ebr shekuj. Do t\u00eb lesh gjurm\u00eb. Se ti na e ke th\u00ebn\u00eb vet\u00eb se e vetmja gj\u00eb q\u00eb k\u00ebrkon prej vetes \u00ebsht\u00eb t\u00eb lesh gjurm\u00eb.<\/p>\n<p>A t\u00eb kujtohet kur hipe n\u00eb karriken e pushtetit me 2013 si kryeminist\u00ebr ? I the BBC se &#8220;&#8230;kam frik\u00eb nga vdekja, prandaj dua t\u00eb le gjurm\u00eb&#8230;&#8221;<\/p>\n<p>Nga vdekja nuk shp\u00ebton kurrkush n\u00eb k\u00ebt\u00eb Bot\u00ebn ton\u00eb. Po ti p\u00ebr ta mundur vdekjen ke zgjedhur t\u00eb lesh gjurm\u00eb . Hi\u00e7 mos kij merak, gjurm\u00eb do t\u00eb lesh, dhe do t\u00eb jen\u00eb, p\u00ebr fatin e keq t\u00eb shqiptar\u00ebve, gjurm\u00eb q\u00eb do t\u00eb jet\u00eb tep\u00ebr e v\u00ebshtir\u00eb t\u00eb shlyhen apo t\u00eb fshihen.<\/p>\n<p>Ti iu ke humbur shqiptar\u00ebve plot 12 vjet koh\u00eb. Ka shkuar p\u00ebr dhjam\u00eb qeni. Nuk \u00ebsht\u00eb e mundur t\u00eb kthehet pas.<\/p>\n<p>Ti ke p\u00ebrz\u00ebn\u00eb plot nj\u00eb milion\u00eb shqiptar\u00eb prej trojeve t\u00eb tyre vet\u00ebm q\u00eb t\u00eb plot\u00ebsoje \u00ebnd\u00ebrr\u00ebn \u00e7ubrilloviane t\u00eb armiqve t\u00eb tyre p\u00ebr shp\u00ebrnguljen nga trojet etnike.<\/p>\n<p>Ti i ke shkat\u00ebruar themelet e shtetit n\u00eb at\u00eb far\u00eb feje q\u00eb nuk ka enciklopedi ta shpjegoj\u00eb se si dhe qysh. T\u00eb gjitha institucionet e shtetit kan\u00eb fytyr\u00ebn e egos t\u00ebnde, q\u00eb nuk \u00ebsht\u00eb gj\u00eb tjet\u00ebr ve\u00e7se egoja e nj\u00eb maniaku, t\u00eb cil\u00ebn edhe vet\u00eb Frojdi po t\u00eb ngjallej do ta kishte cil\u00ebsuar pik\u00ebrisht si t\u00eb till\u00eb.<\/p>\n<p>P\u00ebr at\u00eb post q\u00eb mban ti, t\u00eb gjitha teorit\u00eb akademike n\u00eb Bot\u00ebn e Qytet\u00ebruar k\u00ebrkojn\u00eb me domosdo tre gjera:<\/p>\n<ol>\n<li>Knowledge (Njohuri)<\/li>\n<\/ol>\n<p>2.Integrity ( Past\u00ebrti morale)<\/p>\n<ol start=\"3\">\n<li>Ego.<\/li>\n<\/ol>\n<p>Nga t\u00eb treja k\u00ebto, dy t\u00eb parat i ke, pothuajse zero. Nd\u00ebrsa, t\u00eb tret\u00ebn e ke maksimale, tej normales, p\u00ebr arsyen e thjesht\u00eb se ty \u00e7do mjek psikiat\u00ebr me leht\u00ebsin\u00eb m\u00eb t\u00eb madhe do t\u00eb t\u00eb kishte ekzaminuar si egomaniak.<\/p>\n<p>Nj\u00eb egomaniak \u00ebsht\u00eb barr\u00eb e madhe edhe n\u00eb nj\u00eb familje, jo m\u00eb ta kesh n\u00eb krye t\u00eb shtetit .Ta kesh n\u00eb krye t\u00eb shtetit, si\u00e7 t\u00eb kan\u00eb patur ty shqiptar\u00ebt p\u00ebr pothuaj \u00e7erek shekulli ( kryetar Bashkie dhe Kryeminist\u00ebr) \u00ebsht\u00eb e tmerrshme. Sepse t\u00eb gjitha manualet psikiatrike thon\u00eb se egomaniaku \u00ebsht\u00eb I pap\u00ebrgjegjsh\u00ebm. Dhe ti t\u00eb till\u00eb e ke d\u00ebshmuar veten.<\/p>\n<p>Gjith\u00eb ajo \u00e7ka di dhe b\u00ebn nj\u00eb egomaniak \u00ebsht\u00eb t\u00eb mburret me veten dhe ti vet\u00ebm k\u00ebt\u00eb di t\u00eb b\u00ebsh. Dhe ti vet\u00ebm k\u00ebt\u00eb ke b\u00ebr\u00eb. Ti je mburrur p\u00ebr shembull, se je &#8221; piktori m\u00eb i mir\u00eb,midis kryeministrave piktor\u00eb,dhe kryeministri m\u00eb i mir\u00eb midis piktor\u00ebve kryeministra&#8221;. Kjo, sipas teje, do t\u00eb hyj\u00eb n\u00eb Guinness.<\/p>\n<p>O der\u00ebzi, ti nuk e ke as nj\u00eb grim\u00eb talent dhe je duke mashtruar edhe n\u00eb k\u00ebt\u00eb fush\u00ea.<\/p>\n<p>George W. Bushi, filloi t\u00eb merrej me piktur\u00eb, pasi mbaroi dy mandate presidenciale thjesht p\u00ebr hobby. Dhe mashtrimi yt del n\u00eb drit\u00eb t\u00eb Diellit. N\u00eb t\u00eb v\u00ebrtet\u00eb, gjith\u00eb tragjedia jote q\u00ebndron n\u00eb faktin se ti je p\u00ebrpjekur, jo pa sukses, q\u00eb munges\u00ebn e talentit si artist ta kompensosh duke l\u00ebn\u00eb gjurm\u00eb, n\u00eb fusha t\u00eb tilla, si qeverisja, ekonomia, drejtesia, urbanistika etj, n\u00eb t\u00eb cilat je analfabet krejt\u00ebsisht.<\/p>\n<p>Ti do t\u00eb lesh gjurm\u00eb, kjo as q\u00eb ka dyshim. Por do t\u00eb jen\u00eb gjurm\u00ebt q\u00eb le zjarri n\u00eb nj\u00eb pyll q\u00eb digjet, gjurm\u00ebt q\u00eb le t\u00ebrmeti, n\u00eb nj\u00eb qytet q\u00eb rrafshohet duke z\u00ebn\u00eb p\u00ebrfund pleq dhe f\u00ebmij\u00eb, gjurm\u00ebt q\u00eb le nj\u00eb p\u00ebrmbytje tsunami apo tornadoje. Sepse, jan\u00eb gjurm\u00ebt e nj\u00eb njeriu t\u00eb pap\u00ebrgjegjsh\u00ebm q\u00eb sheh vet\u00ebm lavdi te vetja dhe q\u00eb nuk mund t&#8217;i njoh\u00eb vetes , qoft\u00eb edhe nj\u00eb gabim t\u00eb vog\u00ebl, si p\u00ebr shembull, thyerjen e nj\u00eb gote qelqi apo derdhjen e nj\u00eb filxhani kafeje.<\/p>\n<p>Ti nuk mund ta pranosh derdhjen e filxhanit t\u00eb kafes\u00eb, pavar\u00ebsisht se ishe ti q\u00eb e derdhe me dor\u00ebn t\u00ebnde, vet\u00ebm e vet\u00ebm q\u00eb fallxhorja t\u00eb t\u00eb parashikoj\u00eb ty nj\u00eb t\u00eb ardhme t\u00eb lavdishme, gjithmon\u00eb GJURM\u00cbL\u00cbN\u00cbSE&#8230;<\/p>\n<p>TANI AS FALLXHORJA NUK DI \u00c7&#8217;T\u00cb THOT\u00cb M\u00cb&#8230;<\/p>\n<p>Populli ka nx\u00ebn\u00eb mend nga gabimet e tij.<\/p>\n<p>Por, ti ji i qet\u00eb. Do t\u00eb ik\u00ebsh me lavdi&#8230;<\/p>\n<p>Natyrisht, po t\u00eb b\u00ebsh nj\u00eb VET\u00cbVRASJE POLITIKE me 10 Maj 2025 duke dh\u00ebn\u00eb dor\u00ebheqjen n\u00eb dark\u00eb para kamerave&#8230;<\/p>\n","protected":false},"excerpt":{"rendered":"<p>Nga Sami MILLOSHI Q\u00eb ti do t\u00eb ik\u00ebsh, kjo \u00ebsht\u00eb si nj\u00eb dhe nj\u00eb b\u00ebjn\u00eb dy. Por, q\u00eb t\u00eb ik\u00ebsh me lavdi, duke l\u00ebn\u00eb gjurm\u00eb n\u00eb histori, b\u00ebje nj\u00eb vet\u00ebvrasje politike. Q\u00eb do t\u00eb thot\u00eb: dil para kamerave n\u00eb zyr\u00ebn t\u00ebnde dhe jep dor\u00ebheqjen me 10 Maj 2025, n\u00eb dark\u00eb. K\u00ebshtu do t\u00eb mbahesh mend &hellip;<\/p>\n","protected":false},"author":4,"featured_media":113574,"comment_status":"closed","ping_status":"closed","sticky":false,"template":"","format":"standard","meta":{"footnotes":""},"categories":[44],"tags":[],"class_list":["post-113573","post","type-post","status-publish","format-standard","has-post-thumbnail","","category-editorial"],"_links":{"self":[{"href":"https:\/\/rdnews.al\/index.php\/wp-json\/wp\/v2\/posts\/113573","targetHints":{"allow":["GET"]}}],"collection":[{"href":"https:\/\/rdnews.al\/index.php\/wp-json\/wp\/v2\/posts"}],"about":[{"href":"https:\/\/rdnews.al\/index.php\/wp-json\/wp\/v2\/types\/post"}],"author":[{"embeddable":true,"href":"https:\/\/rdnews.al\/index.php\/wp-json\/wp\/v2\/users\/4"}],"replies":[{"embeddable":true,"href":"https:\/\/rdnews.al\/index.php\/wp-json\/wp\/v2\/comments?post=113573"}],"version-history":[{"count":1,"href":"https:\/\/rdnews.al\/index.php\/wp-json\/wp\/v2\/posts\/113573\/revisions"}],"predecessor-version":[{"id":113575,"href":"https:\/\/rdnews.al\/index.php\/wp-json\/wp\/v2\/posts\/113573\/revisions\/113575"}],"wp:featuredmedia":[{"embeddable":true,"href":"https:\/\/rdnews.al\/index.php\/wp-json\/wp\/v2\/media\/113574"}],"wp:attachment":[{"href":"https:\/\/rdnews.al\/index.php\/wp-json\/wp\/v2\/media?parent=113573"}],"wp:term":[{"taxonomy":"category","embeddable":true,"href":"https:\/\/rdnews.al\/index.php\/wp-json\/wp\/v2\/categories?post=113573"},{"taxonomy":"post_tag","embeddable":true,"href":"https:\/\/rdnews.al\/index.php\/wp-json\/wp\/v2\/tags?post=113573"}],"curies":[{"name":"wp","href":"https:\/\/api.w.org\/{rel}","templated":true}]}}