{"id":113576,"date":"2025-05-10T10:41:51","date_gmt":"2025-05-10T10:41:51","guid":{"rendered":"https:\/\/rdnews.al\/?p=113576"},"modified":"2025-05-10T10:44:09","modified_gmt":"2025-05-10T10:44:09","slug":"lacivita-publikon-videon-e-mitingut-madheshtor-te-pd-ja-kush-eshte-fituesi-dhe-kush-eshte-humbesi","status":"publish","type":"post","link":"https:\/\/rdnews.al\/index.php\/2025\/05\/10\/lacivita-publikon-videon-e-mitingut-madheshtor-te-pd-ja-kush-eshte-fituesi-dhe-kush-eshte-humbesi\/","title":{"rendered":"LaCivita publikon videon e mitingut madh\u00ebshtor t\u00eb PD: Ja kush \u00ebsht\u00eb fituesi dhe kush \u00ebsht\u00eb humb\u00ebsi!"},"content":{"rendered":"<p>Kryestrategu i fushat\u00ebs fituese t\u00eb opozit\u00ebs shqiptare, Chris LaCivita, q\u00eb udh\u00ebhoqi drejt fitores presidentin amerikan, b\u00ebri nj\u00eb postim t\u00eb ve\u00e7ant\u00eb n\u00eb median sociale.<\/p>\n<p>Ai publikoi pamjet e mitingut madh\u00ebshtor t\u00eb PD, duke e krahasuar me fiaskon e Edi Ram\u00ebs.<\/p>\n<p>Edhe pse kishte d\u00ebrguar administrat\u00ebn p\u00ebrdhunsh\u00ebm, Rama d\u00ebshtoi t\u00eb mbushte nj\u00eb fush\u00eb me t\u00eb pranish\u00ebm.<\/p>\n<p>Kurse PD regjistroi nj\u00eb nga mitingjet m\u00eb t\u00eb m\u00ebdha n\u00eb historin\u00eb e pluralizmit, i krahasuar shpesh me at\u00eb t\u00eb vitit 1992.<\/p>\n<p>\u201cTubimet p\u00ebrmbyll\u00ebse sonte n\u00eb Shqip\u00ebri\u2026nj\u00eb fitues\u2026nj\u00eb humb\u00ebs\u201d, shkruan LaCivita me ironi.<\/p>\n<div class=\"twitter-tweet twitter-tweet-rendered\"><iframe id=\"twitter-widget-0\" class=\"\" title=\"X Post\" src=\"https:\/\/platform.twitter.com\/embed\/Tweet.html?dnt=false&amp;embedId=twitter-widget-0&amp;features=eyJ0ZndfdGltZWxpbmVfbGlzdCI6eyJidWNrZXQiOltdLCJ2ZXJzaW9uIjpudWxsfSwidGZ3X2ZvbGxvd2VyX2NvdW50X3N1bnNldCI6eyJidWNrZXQiOnRydWUsInZlcnNpb24iOm51bGx9LCJ0ZndfdHdlZXRfZWRpdF9iYWNrZW5kIjp7ImJ1Y2tldCI6Im9uIiwidmVyc2lvbiI6bnVsbH0sInRmd19yZWZzcmNfc2Vzc2lvbiI6eyJidWNrZXQiOiJvbiIsInZlcnNpb24iOm51bGx9LCJ0ZndfZm9zbnJfc29mdF9pbnRlcnZlbnRpb25zX2VuYWJsZWQiOnsiYnVja2V0Ijoib24iLCJ2ZXJzaW9uIjpudWxsfSwidGZ3X21peGVkX21lZGlhXzE1ODk3Ijp7ImJ1Y2tldCI6InRyZWF0bWVudCIsInZlcnNpb24iOm51bGx9LCJ0ZndfZXhwZXJpbWVudHNfY29va2llX2V4cGlyYXRpb24iOnsiYnVja2V0IjoxMjA5NjAwLCJ2ZXJzaW9uIjpudWxsfSwidGZ3X3Nob3dfYmlyZHdhdGNoX3Bpdm90c19lbmFibGVkIjp7ImJ1Y2tldCI6Im9uIiwidmVyc2lvbiI6bnVsbH0sInRmd19kdXBsaWNhdGVfc2NyaWJlc190b19zZXR0aW5ncyI6eyJidWNrZXQiOiJvbiIsInZlcnNpb24iOm51bGx9LCJ0ZndfdXNlX3Byb2ZpbGVfaW1hZ2Vfc2hhcGVfZW5hYmxlZCI6eyJidWNrZXQiOiJvbiIsInZlcnNpb24iOm51bGx9LCJ0ZndfdmlkZW9faGxzX2R5bmFtaWNfbWFuaWZlc3RzXzE1MDgyIjp7ImJ1Y2tldCI6InRydWVfYml0cmF0ZSIsInZlcnNpb24iOm51bGx9LCJ0ZndfbGVnYWN5X3RpbWVsaW5lX3N1bnNldCI6eyJidWNrZXQiOnRydWUsInZlcnNpb24iOm51bGx9LCJ0ZndfdHdlZXRfZWRpdF9mcm9udGVuZCI6eyJidWNrZXQiOiJvbiIsInZlcnNpb24iOm51bGx9fQ%3D%3D&amp;frame=false&amp;hideCard=false&amp;hideThread=false&amp;id=1920967274636476613&amp;lang=en&amp;origin=https%3A%2F%2Fwww.syri.net%2Fpolitike%2F787008%2Flacivita-krahason-mitingun-madheshtor-te-pd-me-fiaskon-e-rames-ja-kush-eshte-fituesi-dhe-kush-eshte-humbesi%2F&amp;sessionId=0f2f600419a692a92899ad84abce5f677c31d3d3&amp;theme=light&amp;widgetsVersion=2615f7e52b7e0%3A1702314776716&amp;width=550px\" frameborder=\"0\" scrolling=\"no\" allowfullscreen=\"allowfullscreen\" data-tweet-id=\"1920967274636476613\" data-mce-fragment=\"1\"><\/iframe><\/div>\n<div><\/div>\n<div><iframe loading=\"lazy\" style=\"border: none; overflow: hidden;\" src=\"https:\/\/www.facebook.com\/plugins\/video.php?height=476&amp;href=https%3A%2F%2Fwww.facebook.com%2F100076071445668%2Fvideos%2F1368804084430111%2F&amp;show_text=false&amp;width=267&amp;t=0\" width=\"267\" height=\"476\" frameborder=\"0\" scrolling=\"no\" allowfullscreen=\"allowfullscreen\"><\/iframe><\/div>\n<div><\/div>\n","protected":false},"excerpt":{"rendered":"<p>Kryestrategu i fushat\u00ebs fituese t\u00eb opozit\u00ebs shqiptare, Chris LaCivita, q\u00eb udh\u00ebhoqi drejt fitores presidentin amerikan, b\u00ebri nj\u00eb postim t\u00eb ve\u00e7ant\u00eb n\u00eb median sociale. Ai publikoi pamjet e mitingut madh\u00ebshtor t\u00eb PD, duke e krahasuar me fiaskon e Edi Ram\u00ebs. Edhe pse kishte d\u00ebrguar administrat\u00ebn p\u00ebrdhunsh\u00ebm, Rama d\u00ebshtoi t\u00eb mbushte nj\u00eb fush\u00eb me t\u00eb pranish\u00ebm. Kurse &hellip;<\/p>\n","protected":false},"author":4,"featured_media":113418,"comment_status":"closed","ping_status":"closed","sticky":false,"template":"","format":"standard","meta":{"footnotes":""},"categories":[37],"tags":[],"class_list":["post-113576","post","type-post","status-publish","format-standard","has-post-thumbnail","","category-politike"],"_links":{"self":[{"href":"https:\/\/rdnews.al\/index.php\/wp-json\/wp\/v2\/posts\/113576","targetHints":{"allow":["GET"]}}],"collection":[{"href":"https:\/\/rdnews.al\/index.php\/wp-json\/wp\/v2\/posts"}],"about":[{"href":"https:\/\/rdnews.al\/index.php\/wp-json\/wp\/v2\/types\/post"}],"author":[{"embeddable":true,"href":"https:\/\/rdnews.al\/index.php\/wp-json\/wp\/v2\/users\/4"}],"replies":[{"embeddable":true,"href":"https:\/\/rdnews.al\/index.php\/wp-json\/wp\/v2\/comments?post=113576"}],"version-history":[{"count":2,"href":"https:\/\/rdnews.al\/index.php\/wp-json\/wp\/v2\/posts\/113576\/revisions"}],"predecessor-version":[{"id":113578,"href":"https:\/\/rdnews.al\/index.php\/wp-json\/wp\/v2\/posts\/113576\/revisions\/113578"}],"wp:featuredmedia":[{"embeddable":true,"href":"https:\/\/rdnews.al\/index.php\/wp-json\/wp\/v2\/media\/113418"}],"wp:attachment":[{"href":"https:\/\/rdnews.al\/index.php\/wp-json\/wp\/v2\/media?parent=113576"}],"wp:term":[{"taxonomy":"category","embeddable":true,"href":"https:\/\/rdnews.al\/index.php\/wp-json\/wp\/v2\/categories?post=113576"},{"taxonomy":"post_tag","embeddable":true,"href":"https:\/\/rdnews.al\/index.php\/wp-json\/wp\/v2\/tags?post=113576"}],"curies":[{"name":"wp","href":"https:\/\/api.w.org\/{rel}","templated":true}]}}