{"id":113593,"date":"2025-05-10T16:50:46","date_gmt":"2025-05-10T16:50:46","guid":{"rendered":"https:\/\/rdnews.al\/?p=113593"},"modified":"2025-05-10T16:51:10","modified_gmt":"2025-05-10T16:51:10","slug":"blerja-e-votes-noka-rama-e-ka-vendin-ne-burg","status":"publish","type":"post","link":"https:\/\/rdnews.al\/index.php\/2025\/05\/10\/blerja-e-votes-noka-rama-e-ka-vendin-ne-burg\/","title":{"rendered":"Blerja e vot\u00ebs\/ Noka Rama e ka vendin n\u00eb burg!"},"content":{"rendered":"<p>Sekretari i P\u00ebrgjithsh\u00ebm i PD, Flamur Noka, n\u00eb nj\u00eb postim t\u00eb fundit n\u00eb Facebook, ka b\u00ebr\u00eb thirrje t\u00eb fuqishme kund\u00ebr blerjes s\u00eb votave dhe abuzimeve me pushtetin.<\/p>\n<p>Ai ka denoncuar at\u00eb q\u00eb e quan nj\u00eb p\u00ebrpjekje t\u00eb qeveris\u00eb\u00a0p\u00ebr t\u00eb bler\u00eb pushtet me parat\u00eb q\u00eb jan\u00eb marr\u00eb nga taksapaguesit, duke u b\u00ebr\u00eb thirrje qytetar\u00ebve t\u00eb rr\u00ebzojn\u00eb k\u00ebt\u00eb sistem dhe t\u00eb japin fund manipulimeve t\u00eb tilla me vot\u00ebn.<\/p>\n<p>Noka e ka shprehur qart\u00eb se Edi Rama duhet t\u00eb p\u00ebrballet me drejt\u00ebsin\u00eb dhe se fushata e tij p\u00ebr t\u00eb bler\u00eb vota do t\u00eb d\u00ebshtoj\u00eb, duke e cil\u00ebsuar at\u00eb si nj\u00eb &#8220;maskarad\u00eb&#8221; q\u00eb po d\u00ebmton demokracin\u00eb n\u00eb Shqip\u00ebri.<\/p>\n<p><strong>Postimi\u00a0<\/strong><\/p>\n<p>Blerja e vot\u00ebs ju blen 4 vite jet\u00eb. Rr\u00ebzojini k\u00ebta maskarenj q\u00eb duan t\u00eb blejn\u00eb pushtet me parat\u00eb q\u00eb ju vodh\u00ebn! #Rama e ka vendin n\u00eb burg. Do shkoj\u00eb te lali i vet. Jepini fund me vot\u00eb!<br \/>\n<iframe loading=\"lazy\" src=\"https:\/\/www.facebook.com\/plugins\/post.php?href=https%3A%2F%2Fwww.facebook.com%2Fpermalink.php%3Fstory_fbid%3Dpfbid0V42V6TB4tvsWX64RUbYJ3pQcDtdFWtsvP3yAuF2SiRsgpgpRPvRiVfio1NSSURD2l%26id%3D100063549317919&amp;show_text=true&amp;width=500\" width=\"500\" height=\"514\" frameborder=\"0\" scrolling=\"no\" allowfullscreen=\"allowfullscreen\" data-mce-fragment=\"1\"><\/iframe><\/p>\n","protected":false},"excerpt":{"rendered":"<p>Sekretari i P\u00ebrgjithsh\u00ebm i PD, Flamur Noka, n\u00eb nj\u00eb postim t\u00eb fundit n\u00eb Facebook, ka b\u00ebr\u00eb thirrje t\u00eb fuqishme kund\u00ebr blerjes s\u00eb votave dhe abuzimeve me pushtetin. Ai ka denoncuar at\u00eb q\u00eb e quan nj\u00eb p\u00ebrpjekje t\u00eb qeveris\u00eb\u00a0p\u00ebr t\u00eb bler\u00eb pushtet me parat\u00eb q\u00eb jan\u00eb marr\u00eb nga taksapaguesit, duke u b\u00ebr\u00eb thirrje qytetar\u00ebve t\u00eb rr\u00ebzojn\u00eb &hellip;<\/p>\n","protected":false},"author":4,"featured_media":113580,"comment_status":"closed","ping_status":"closed","sticky":false,"template":"","format":"standard","meta":{"footnotes":""},"categories":[37],"tags":[],"class_list":["post-113593","post","type-post","status-publish","format-standard","has-post-thumbnail","","category-politike"],"_links":{"self":[{"href":"https:\/\/rdnews.al\/index.php\/wp-json\/wp\/v2\/posts\/113593","targetHints":{"allow":["GET"]}}],"collection":[{"href":"https:\/\/rdnews.al\/index.php\/wp-json\/wp\/v2\/posts"}],"about":[{"href":"https:\/\/rdnews.al\/index.php\/wp-json\/wp\/v2\/types\/post"}],"author":[{"embeddable":true,"href":"https:\/\/rdnews.al\/index.php\/wp-json\/wp\/v2\/users\/4"}],"replies":[{"embeddable":true,"href":"https:\/\/rdnews.al\/index.php\/wp-json\/wp\/v2\/comments?post=113593"}],"version-history":[{"count":2,"href":"https:\/\/rdnews.al\/index.php\/wp-json\/wp\/v2\/posts\/113593\/revisions"}],"predecessor-version":[{"id":113595,"href":"https:\/\/rdnews.al\/index.php\/wp-json\/wp\/v2\/posts\/113593\/revisions\/113595"}],"wp:featuredmedia":[{"embeddable":true,"href":"https:\/\/rdnews.al\/index.php\/wp-json\/wp\/v2\/media\/113580"}],"wp:attachment":[{"href":"https:\/\/rdnews.al\/index.php\/wp-json\/wp\/v2\/media?parent=113593"}],"wp:term":[{"taxonomy":"category","embeddable":true,"href":"https:\/\/rdnews.al\/index.php\/wp-json\/wp\/v2\/categories?post=113593"},{"taxonomy":"post_tag","embeddable":true,"href":"https:\/\/rdnews.al\/index.php\/wp-json\/wp\/v2\/tags?post=113593"}],"curies":[{"name":"wp","href":"https:\/\/api.w.org\/{rel}","templated":true}]}}