{"id":113613,"date":"2025-05-10T18:40:26","date_gmt":"2025-05-10T18:40:26","guid":{"rendered":"https:\/\/rdnews.al\/?p=113613"},"modified":"2025-05-10T18:40:26","modified_gmt":"2025-05-10T18:40:26","slug":"demokratet-kapin-ne-flagrance-kriminelet-elektorale-nova-dhe-laku-ne-shkozet","status":"publish","type":"post","link":"https:\/\/rdnews.al\/index.php\/2025\/05\/10\/demokratet-kapin-ne-flagrance-kriminelet-elektorale-nova-dhe-laku-ne-shkozet\/","title":{"rendered":"Demokrat\u00ebt kapin n\u00eb flagranc\u00eb kriminel\u00ebt elektoral\u00eb, Nova dhe Laku n\u00eb Shkozet"},"content":{"rendered":"<div class=\"xdj266r x11i5rnm xat24cr x1mh8g0r x1vvkbs\">\n<div dir=\"auto\"><strong>Postimi i Kryetarit te PD, Sali Berisha<\/strong><\/div>\n<div dir=\"auto\"><\/div>\n<div dir=\"auto\">Edi Rama i tmerruar nga mbyllja madh\u00ebshtore e fushat\u00ebs ton\u00eb dhe humbja e sigurt q\u00eb e pret ka urdh\u00ebruar veprime kriminale p\u00ebr t\u00eb cilat do pergjigjet deri m\u00eb nj\u00eb!<\/div>\n<\/div>\n<div class=\"x11i5rnm xat24cr x1mh8g0r x1vvkbs xtlvy1s\">\n<div dir=\"auto\">D\u00ebnoj me ashp\u00ebrsin\u00eb m\u00eb t\u00eb\u00a0madhe aktin e sh\u00ebmtuar kriminal dhe p\u00ebrgezoj demokrat\u00ebt q\u00eb i kap\u00ebn kriminel\u00ebt n\u00eb flagranc\u00eb.<\/div>\n<\/div>\n<div class=\"x11i5rnm xat24cr x1mh8g0r x1vvkbs xtlvy1s\">\n<div dir=\"auto\">Lexoni mesazhin, shikoni videon e qytetarit digital<\/div>\n<\/div>\n<div class=\"x11i5rnm xat24cr x1mh8g0r x1vvkbs xtlvy1s\">\n<div dir=\"auto\">Sot n\u00eb zon\u00ebn e Shkozetit 18:47 personat e quajtur Ard Nova dhe Laku me nj\u00eb motorr po shp\u00ebrndajn\u00eb zarfe n\u00ebper sht\u00ebpia.<\/div>\n<\/div>\n","protected":false},"excerpt":{"rendered":"<p>Postimi i Kryetarit te PD, Sali Berisha Edi Rama i tmerruar nga mbyllja madh\u00ebshtore e fushat\u00ebs ton\u00eb dhe humbja e sigurt q\u00eb e pret ka urdh\u00ebruar veprime kriminale p\u00ebr t\u00eb cilat do pergjigjet deri m\u00eb nj\u00eb! D\u00ebnoj me ashp\u00ebrsin\u00eb m\u00eb t\u00eb\u00a0madhe aktin e sh\u00ebmtuar kriminal dhe p\u00ebrgezoj demokrat\u00ebt q\u00eb i kap\u00ebn kriminel\u00ebt n\u00eb flagranc\u00eb. Lexoni &hellip;<\/p>\n","protected":false},"author":3,"featured_media":113614,"comment_status":"closed","ping_status":"closed","sticky":false,"template":"","format":"standard","meta":{"footnotes":""},"categories":[37],"tags":[],"class_list":["post-113613","post","type-post","status-publish","format-standard","has-post-thumbnail","","category-politike"],"_links":{"self":[{"href":"https:\/\/rdnews.al\/index.php\/wp-json\/wp\/v2\/posts\/113613","targetHints":{"allow":["GET"]}}],"collection":[{"href":"https:\/\/rdnews.al\/index.php\/wp-json\/wp\/v2\/posts"}],"about":[{"href":"https:\/\/rdnews.al\/index.php\/wp-json\/wp\/v2\/types\/post"}],"author":[{"embeddable":true,"href":"https:\/\/rdnews.al\/index.php\/wp-json\/wp\/v2\/users\/3"}],"replies":[{"embeddable":true,"href":"https:\/\/rdnews.al\/index.php\/wp-json\/wp\/v2\/comments?post=113613"}],"version-history":[{"count":1,"href":"https:\/\/rdnews.al\/index.php\/wp-json\/wp\/v2\/posts\/113613\/revisions"}],"predecessor-version":[{"id":113615,"href":"https:\/\/rdnews.al\/index.php\/wp-json\/wp\/v2\/posts\/113613\/revisions\/113615"}],"wp:featuredmedia":[{"embeddable":true,"href":"https:\/\/rdnews.al\/index.php\/wp-json\/wp\/v2\/media\/113614"}],"wp:attachment":[{"href":"https:\/\/rdnews.al\/index.php\/wp-json\/wp\/v2\/media?parent=113613"}],"wp:term":[{"taxonomy":"category","embeddable":true,"href":"https:\/\/rdnews.al\/index.php\/wp-json\/wp\/v2\/categories?post=113613"},{"taxonomy":"post_tag","embeddable":true,"href":"https:\/\/rdnews.al\/index.php\/wp-json\/wp\/v2\/tags?post=113613"}],"curies":[{"name":"wp","href":"https:\/\/api.w.org\/{rel}","templated":true}]}}