{"id":113638,"date":"2025-05-10T21:58:52","date_gmt":"2025-05-10T21:58:52","guid":{"rendered":"https:\/\/rdnews.al\/?p=113638"},"modified":"2025-05-10T21:58:52","modified_gmt":"2025-05-10T21:58:52","slug":"denoncimi-nga-kolonja-per-skandalin-me-votat","status":"publish","type":"post","link":"https:\/\/rdnews.al\/index.php\/2025\/05\/10\/denoncimi-nga-kolonja-per-skandalin-me-votat\/","title":{"rendered":"Denoncimi nga Kolonja p\u00ebr skandalin me votat"},"content":{"rendered":"<p>Kandidati i PD-s\u00eb n\u00eb Kor\u00e7\u00eb, Enton \u00c7a\u00e7ani, ka akuzuar se administrata e bashkis\u00eb s\u00eb Kolonj\u00ebs po shp\u00ebrndan para n\u00eb k\u00ebmbim t\u00eb votave.<\/p>\n<p>Ai i b\u00ebn thirrje urgjente SPAK-ut t\u00eb merren masa, duke th\u00ebn\u00eb se vijojn\u00eb me t\u00eb nj\u00ebjtin avaz si n\u00eb \u00e7do zgjedhje.<\/p>\n<p>\u201cThirrje urgjente p\u00ebr Task-Forc\u00ebn e SPAK!<\/p>\n<p>V\u00ebmendje p\u00ebr t\u00eb gjitha strukturat dhe sidomos p\u00ebr komisioner\u00ebt tan\u00eb!<\/p>\n<p>Administrata e Bashkis\u00eb Kolonj\u00eb po shp\u00ebrndan para dhe po blen vota. Po intimidon votuesit n\u00eb k\u00ebto momente kritike.<\/p>\n<p>Si gjithmon\u00eb, ndjekin t\u00eb nj\u00ebjtin avaz t\u00eb vjet\u00ebr, dalin nat\u00ebn, n\u00eb dit\u00ebn e fundit, dhe ndajn\u00eb parat e krimit dhe korrupsionit.<\/p>\n<p>Jan\u00eb p\u00ebrpjekur t\u00eb nxjerrin flet\u00ebt e votimit nga QV-t\u00eb dhe po mundohen t\u00eb manipulojn\u00eb procesin. Do p\u00ebrpiqen ta b\u00ebjn\u00eb dhe nes\u00ebr gjate votimit. Informacioni vjen i siguruar nga brenda tyre.<\/p>\n<p>E kan\u00eb par\u00eb veten ngusht\u00eb, e ndiejn\u00eb q\u00eb po humbin pushtetin. U jan\u00eb err\u00ebsuar syt\u00eb dhe jan\u00eb kthyer n\u00eb hienat e nat\u00ebs\u201d, shkruhej n\u00eb postimin e tij.<\/p>\n","protected":false},"excerpt":{"rendered":"<p>Kandidati i PD-s\u00eb n\u00eb Kor\u00e7\u00eb, Enton \u00c7a\u00e7ani, ka akuzuar se administrata e bashkis\u00eb s\u00eb Kolonj\u00ebs po shp\u00ebrndan para n\u00eb k\u00ebmbim t\u00eb votave. Ai i b\u00ebn thirrje urgjente SPAK-ut t\u00eb merren masa, duke th\u00ebn\u00eb se vijojn\u00eb me t\u00eb nj\u00ebjtin avaz si n\u00eb \u00e7do zgjedhje. \u201cThirrje urgjente p\u00ebr Task-Forc\u00ebn e SPAK! V\u00ebmendje p\u00ebr t\u00eb gjitha strukturat dhe &hellip;<\/p>\n","protected":false},"author":3,"featured_media":113639,"comment_status":"closed","ping_status":"closed","sticky":false,"template":"","format":"standard","meta":{"footnotes":""},"categories":[37],"tags":[],"class_list":["post-113638","post","type-post","status-publish","format-standard","has-post-thumbnail","","category-politike"],"_links":{"self":[{"href":"https:\/\/rdnews.al\/index.php\/wp-json\/wp\/v2\/posts\/113638","targetHints":{"allow":["GET"]}}],"collection":[{"href":"https:\/\/rdnews.al\/index.php\/wp-json\/wp\/v2\/posts"}],"about":[{"href":"https:\/\/rdnews.al\/index.php\/wp-json\/wp\/v2\/types\/post"}],"author":[{"embeddable":true,"href":"https:\/\/rdnews.al\/index.php\/wp-json\/wp\/v2\/users\/3"}],"replies":[{"embeddable":true,"href":"https:\/\/rdnews.al\/index.php\/wp-json\/wp\/v2\/comments?post=113638"}],"version-history":[{"count":1,"href":"https:\/\/rdnews.al\/index.php\/wp-json\/wp\/v2\/posts\/113638\/revisions"}],"predecessor-version":[{"id":113640,"href":"https:\/\/rdnews.al\/index.php\/wp-json\/wp\/v2\/posts\/113638\/revisions\/113640"}],"wp:featuredmedia":[{"embeddable":true,"href":"https:\/\/rdnews.al\/index.php\/wp-json\/wp\/v2\/media\/113639"}],"wp:attachment":[{"href":"https:\/\/rdnews.al\/index.php\/wp-json\/wp\/v2\/media?parent=113638"}],"wp:term":[{"taxonomy":"category","embeddable":true,"href":"https:\/\/rdnews.al\/index.php\/wp-json\/wp\/v2\/categories?post=113638"},{"taxonomy":"post_tag","embeddable":true,"href":"https:\/\/rdnews.al\/index.php\/wp-json\/wp\/v2\/tags?post=113638"}],"curies":[{"name":"wp","href":"https:\/\/api.w.org\/{rel}","templated":true}]}}