{"id":113643,"date":"2025-05-11T09:21:49","date_gmt":"2025-05-11T09:21:49","guid":{"rendered":"https:\/\/rdnews.al\/?p=113643"},"modified":"2025-05-11T09:21:49","modified_gmt":"2025-05-11T09:21:49","slug":"berisha-thirrje-qytetareve-votoni-per-te-ardhmen-e-femijeve-tuaj-ne-kete-vend","status":"publish","type":"post","link":"https:\/\/rdnews.al\/index.php\/2025\/05\/11\/berisha-thirrje-qytetareve-votoni-per-te-ardhmen-e-femijeve-tuaj-ne-kete-vend\/","title":{"rendered":"Berisha thirrje qytetar\u00ebve: Votoni p\u00ebr t\u00eb ardhmen e f\u00ebmij\u00ebve tuaj n\u00eb k\u00ebt\u00eb vend!"},"content":{"rendered":"<p>Kryetari i PD, Sali Berisha, i shoq\u00ebruar nga bashk\u00ebshortja e tij, zonja Liri Berisha, djali Shk\u00eblzen Berisha dhe Armina Mevlani kan\u00eb votuar tek Shkolla \u2018Kosova\u2019.<\/p>\n<p>Gjat\u00eb nj\u00eb prononcimi t\u00eb shkurt\u00ebr p\u00ebr median, kryedemokrati ka b\u00ebr\u00eb thirrje q\u00eb qytetar\u00ebt t\u00eb dalin e t\u00eb votojn\u00eb.<\/p>\n<p>Deklarata e kryetarit t\u00eb PD, Sali Berisha<\/p>\n<p>S\u00eb pari nj\u00eb thirrje zemre p\u00ebr \u00e7do qytetar shqiptar, sot t\u00eb votojn\u00eb, t\u00eb votojn\u00eb, t\u00eb votojn\u00eb p\u00ebr veten e tyre, p\u00ebr f\u00ebmij\u00ebt e tyre, p\u00ebr pensionet dhe rrogat e tyre, p\u00ebr pun\u00ebn, pun\u00ebsimin, biznesin, ferm\u00ebn e tyre.<\/p>\n<p>T\u00eb votojn\u00eb p\u00ebr t\u00eb ardhmen e f\u00ebmij\u00ebve t\u00eb tyre n\u00eb k\u00ebt\u00eb vend.<\/p>\n<p>T\u00eb votojn\u00eb!<\/p>\n<p>Un\u00eb, meq\u00eb m\u00eb pyet, \u00e7do njeri q\u00eb takova, un\u00eb takova njer\u00ebz t\u00eb g\u00ebzuar, t\u00eb sigurt n\u00eb vot\u00ebn e tyre.<\/p>\n<p>Pra, do t\u00eb kemi nj\u00eb dit\u00eb t\u00eb dyt\u00eb vere.<\/p>\n<p>Do t\u00eb kemi nj\u00eb dit\u00eb t\u00eb dyt\u00eb vere!<\/p>\n<p>Ndaj dhe nj\u00ebher\u00eb thirrja ime, votoni, votoni, votoni!<\/p>\n<p><img loading=\"lazy\" decoding=\"async\" class=\"alignnone size-medium wp-image-113645\" src=\"https:\/\/rdnews.al\/wp-content\/uploads\/2025\/05\/Berisha-2-1-300x200.jpg\" alt=\"\" width=\"300\" height=\"200\" srcset=\"https:\/\/rdnews.al\/wp-content\/uploads\/2025\/05\/Berisha-2-1-300x200.jpg 300w, https:\/\/rdnews.al\/wp-content\/uploads\/2025\/05\/Berisha-2-1.jpg 660w\" sizes=\"auto, (max-width: 300px) 100vw, 300px\" \/><\/p>\n","protected":false},"excerpt":{"rendered":"<p>Kryetari i PD, Sali Berisha, i shoq\u00ebruar nga bashk\u00ebshortja e tij, zonja Liri Berisha, djali Shk\u00eblzen Berisha dhe Armina Mevlani kan\u00eb votuar tek Shkolla \u2018Kosova\u2019. Gjat\u00eb nj\u00eb prononcimi t\u00eb shkurt\u00ebr p\u00ebr median, kryedemokrati ka b\u00ebr\u00eb thirrje q\u00eb qytetar\u00ebt t\u00eb dalin e t\u00eb votojn\u00eb. Deklarata e kryetarit t\u00eb PD, Sali Berisha S\u00eb pari nj\u00eb thirrje zemre &hellip;<\/p>\n","protected":false},"author":4,"featured_media":113644,"comment_status":"closed","ping_status":"closed","sticky":false,"template":"","format":"standard","meta":{"footnotes":""},"categories":[37],"tags":[],"class_list":["post-113643","post","type-post","status-publish","format-standard","has-post-thumbnail","","category-politike"],"_links":{"self":[{"href":"https:\/\/rdnews.al\/index.php\/wp-json\/wp\/v2\/posts\/113643","targetHints":{"allow":["GET"]}}],"collection":[{"href":"https:\/\/rdnews.al\/index.php\/wp-json\/wp\/v2\/posts"}],"about":[{"href":"https:\/\/rdnews.al\/index.php\/wp-json\/wp\/v2\/types\/post"}],"author":[{"embeddable":true,"href":"https:\/\/rdnews.al\/index.php\/wp-json\/wp\/v2\/users\/4"}],"replies":[{"embeddable":true,"href":"https:\/\/rdnews.al\/index.php\/wp-json\/wp\/v2\/comments?post=113643"}],"version-history":[{"count":1,"href":"https:\/\/rdnews.al\/index.php\/wp-json\/wp\/v2\/posts\/113643\/revisions"}],"predecessor-version":[{"id":113646,"href":"https:\/\/rdnews.al\/index.php\/wp-json\/wp\/v2\/posts\/113643\/revisions\/113646"}],"wp:featuredmedia":[{"embeddable":true,"href":"https:\/\/rdnews.al\/index.php\/wp-json\/wp\/v2\/media\/113644"}],"wp:attachment":[{"href":"https:\/\/rdnews.al\/index.php\/wp-json\/wp\/v2\/media?parent=113643"}],"wp:term":[{"taxonomy":"category","embeddable":true,"href":"https:\/\/rdnews.al\/index.php\/wp-json\/wp\/v2\/categories?post=113643"},{"taxonomy":"post_tag","embeddable":true,"href":"https:\/\/rdnews.al\/index.php\/wp-json\/wp\/v2\/tags?post=113643"}],"curies":[{"name":"wp","href":"https:\/\/api.w.org\/{rel}","templated":true}]}}