{"id":113647,"date":"2025-05-11T09:30:43","date_gmt":"2025-05-11T09:30:43","guid":{"rendered":"https:\/\/rdnews.al\/?p=113647"},"modified":"2025-05-11T09:30:43","modified_gmt":"2025-05-11T09:30:43","slug":"elda-hoti-ulsi-manja-dhe-policia-politike-nuk-e-ndalin-dot-vullnetin-e-qytetareve","status":"publish","type":"post","link":"https:\/\/rdnews.al\/index.php\/2025\/05\/11\/elda-hoti-ulsi-manja-dhe-policia-politike-nuk-e-ndalin-dot-vullnetin-e-qytetareve\/","title":{"rendered":"Elda Hoti: Ulsi Manja dhe policia politike nuk e ndalin dot vullnetin e qytetar\u00ebve!"},"content":{"rendered":"<p>Kandidatja e PD, Elda Hoti ka reaguar pasi iu arrestua bashk\u00ebshorti p\u00ebr krime zgjedhore.<\/p>\n<p>N\u00eb nj\u00eb postim n\u00eb Facebook, Hoti shkruan se \u2018Ulsi Manja dhe \u00e7do veg\u00ebl politike q\u00eb p\u00ebrdor Policin\u00eb e Shtetit p\u00ebr interesa t\u00eb pushtetit do t\u00eb mbajn\u00eb p\u00ebrgjegj\u00ebsi p\u00ebr \u00e7do veprim t\u00eb paligjsh\u00ebm\u2019.<\/p>\n<p>\u201cAsnj\u00eb polici politike, asnj\u00eb struktur\u00eb kriminale dhe asnj\u00eb z\u00ebdh\u00ebn\u00ebs i krimit t\u00eb organizuar nuk do t\u00eb mund ta ndal\u00eb vullnetin e qytetar\u00ebve p\u00ebr ndryshim. Dit\u00ebt e frik\u00ebsimit, fabrikimeve dhe shtypjes s\u00eb z\u00ebrit opozitar jan\u00eb drejt fundit.<\/p>\n<p>Ulsi Manja dhe \u00e7do veg\u00ebl politike q\u00eb p\u00ebrdor Policin\u00eb e Shtetit p\u00ebr interesa t\u00eb pushtetit do t\u00eb mbajn\u00eb p\u00ebrgjegj\u00ebsi p\u00ebr \u00e7do veprim t\u00eb paligjsh\u00ebm, p\u00ebr \u00e7do tentativ\u00eb p\u00ebr t\u00eb frik\u00ebsuar qytetar\u00ebt q\u00eb duan nj\u00eb t\u00eb ardhme m\u00eb t\u00eb mir\u00eb.<\/p>\n<p>K\u00ebto manovra jan\u00eb t\u00eb d\u00ebshtuara sepse fuqia e popullit nuk ndalet nga asnj\u00eb makineri represive.<\/p>\n<p>Ata q\u00eb blen\u00eb vota dhe shantazhuan, votuesit jan\u00eb t\u00eb lir\u00eb dhe po rendin nga qendra n\u00eb qend\u00ebr votimi, Aleksander Dodaj, Renuar Kolaj dhe t\u00eb gjith\u00eb kriminel\u00ebt elektoral, i keni b\u00ebr\u00eb llogarit\u00eb gabim.\u00a0 Nj\u00ebshat nuk ka regjim q\u00eb i ndal. Qytetar\u00eb, mos harroni gjith\u00e7ka ju kan\u00eb b\u00ebr\u00eb k\u00ebto 12 vite\u201d, thuhet n\u00eb reagim.<\/p>\n","protected":false},"excerpt":{"rendered":"<p>Kandidatja e PD, Elda Hoti ka reaguar pasi iu arrestua bashk\u00ebshorti p\u00ebr krime zgjedhore. N\u00eb nj\u00eb postim n\u00eb Facebook, Hoti shkruan se \u2018Ulsi Manja dhe \u00e7do veg\u00ebl politike q\u00eb p\u00ebrdor Policin\u00eb e Shtetit p\u00ebr interesa t\u00eb pushtetit do t\u00eb mbajn\u00eb p\u00ebrgjegj\u00ebsi p\u00ebr \u00e7do veprim t\u00eb paligjsh\u00ebm\u2019. \u201cAsnj\u00eb polici politike, asnj\u00eb struktur\u00eb kriminale dhe asnj\u00eb z\u00ebdh\u00ebn\u00ebs &hellip;<\/p>\n","protected":false},"author":4,"featured_media":113648,"comment_status":"closed","ping_status":"closed","sticky":false,"template":"","format":"standard","meta":{"footnotes":""},"categories":[37],"tags":[],"class_list":["post-113647","post","type-post","status-publish","format-standard","has-post-thumbnail","","category-politike"],"_links":{"self":[{"href":"https:\/\/rdnews.al\/index.php\/wp-json\/wp\/v2\/posts\/113647","targetHints":{"allow":["GET"]}}],"collection":[{"href":"https:\/\/rdnews.al\/index.php\/wp-json\/wp\/v2\/posts"}],"about":[{"href":"https:\/\/rdnews.al\/index.php\/wp-json\/wp\/v2\/types\/post"}],"author":[{"embeddable":true,"href":"https:\/\/rdnews.al\/index.php\/wp-json\/wp\/v2\/users\/4"}],"replies":[{"embeddable":true,"href":"https:\/\/rdnews.al\/index.php\/wp-json\/wp\/v2\/comments?post=113647"}],"version-history":[{"count":1,"href":"https:\/\/rdnews.al\/index.php\/wp-json\/wp\/v2\/posts\/113647\/revisions"}],"predecessor-version":[{"id":113649,"href":"https:\/\/rdnews.al\/index.php\/wp-json\/wp\/v2\/posts\/113647\/revisions\/113649"}],"wp:featuredmedia":[{"embeddable":true,"href":"https:\/\/rdnews.al\/index.php\/wp-json\/wp\/v2\/media\/113648"}],"wp:attachment":[{"href":"https:\/\/rdnews.al\/index.php\/wp-json\/wp\/v2\/media?parent=113647"}],"wp:term":[{"taxonomy":"category","embeddable":true,"href":"https:\/\/rdnews.al\/index.php\/wp-json\/wp\/v2\/categories?post=113647"},{"taxonomy":"post_tag","embeddable":true,"href":"https:\/\/rdnews.al\/index.php\/wp-json\/wp\/v2\/tags?post=113647"}],"curies":[{"name":"wp","href":"https:\/\/api.w.org\/{rel}","templated":true}]}}