{"id":113653,"date":"2025-05-11T09:38:58","date_gmt":"2025-05-11T09:38:58","guid":{"rendered":"https:\/\/rdnews.al\/?p=113653"},"modified":"2025-05-11T09:44:29","modified_gmt":"2025-05-11T09:44:29","slug":"shkrimtarja-e-njohur-per-la-repubblica-ne-shqiperi-duhet-ndryshim-rama-nuk-eshte-nje-lider-por-nje-habitat","status":"publish","type":"post","link":"https:\/\/rdnews.al\/index.php\/2025\/05\/11\/shkrimtarja-e-njohur-per-la-repubblica-ne-shqiperi-duhet-ndryshim-rama-nuk-eshte-nje-lider-por-nje-habitat\/","title":{"rendered":"Shkrimtarja e njohur p\u00ebr &#8220;La Repubblica&#8221;: N\u00eb Shqip\u00ebri duhet ndryshim! Rama nuk \u00ebsht\u00eb nj\u00eb lider, por nj\u00eb habitat!"},"content":{"rendered":"<p><strong>Nga Davide Carlucci,\u00a0<a href=\"https:\/\/www.repubblica.it\/esteri\/2025\/05\/11\/news\/anita_likmeta_intervista_elezioni_albania-424179551\/?ref=RHLM-BG-P2-S2-T1-fattidelgiorno19\" target=\"_blank\" rel=\"noopener\">La Repubblica<\/a><\/strong><\/p>\n<p><em>Sip\u00ebrmarr\u00ebse dhe shkrimtare, e angazhuar n\u00eb politik\u00eb: Anita Likmeta jeton n\u00eb Itali q\u00eb nga viti 1997, por ndjek me pasion zhvillimet e vendit t\u00eb saj.\u00a0<\/em><\/p>\n<p><strong>N\u00ebse do t\u00eb fitonte p\u00ebrs\u00ebri Edi Rama?\u00a0<\/strong><\/p>\n<p>\u00abKjo do t\u00eb n\u00ebnkuptonte fillimin e mandatit t\u00eb tij t\u00eb kat\u00ebrt dhe do t\u00eb ishte institucionalizimi i nj\u00eb mungese: mungesa e nj\u00eb alternative t\u00eb perceptueshme, e nj\u00eb z\u00ebri plural, e nj\u00eb fryme demokratike. Pas 12 vitesh n\u00eb pushtet, kryeministri nuk \u00ebsht\u00eb m\u00eb nj\u00eb lider si t\u00eb tjer\u00ebt, por nj\u00eb habitat\u00bb.<\/p>\n<p><strong>A jan\u00eb m\u00ebsuar shqiptar\u00ebt me k\u00ebt\u00eb gjendje?\u00a0<\/strong><\/p>\n<p>\u00abKy lloj q\u00ebndrimi i zgjatur ka tendenc\u00ebn t\u00eb ndryshoj\u00eb jo vet\u00ebm struktur\u00ebn e pushtetit, por edhe psikik\u00ebn kolektive, duke z\u00ebvend\u00ebsuar besimin me var\u00ebsin\u00eb, mospajtimin me p\u00ebrshtatjen. \u00cbsht\u00eb pika n\u00eb t\u00eb cil\u00ebn uni i pushtetit shkrihet me vet\u00eb imazhin e kombit: Rama nuk qeveris m\u00eb vendin, por p\u00ebrfaq\u00ebsimin q\u00eb vendi ka p\u00ebr veten\u00bb.<\/p>\n<p><strong>Cili \u00ebsht\u00eb rreziku?\u00a0<\/strong><\/p>\n<p>\u00abQ\u00eb edhe vet\u00eb koncepti i ndryshimit t\u00eb b\u00ebhet traumatizues. Rreziku m\u00eb i madh nuk \u00ebsht\u00eb autoritarizmi i hapur, por forma e tij m\u00eb elegante: konsensusi i zakonsh\u00ebm, hegjemonia q\u00eb maskohet\u00bb.<\/p>\n<p><strong>Ai paraqitet si progresist dhe veprues. Dhe v\u00eb bast mbi Europ\u00ebn p\u00ebrmes afrimit me Italin\u00eb dhe operacionit n\u00eb Gjad\u00ebr.\u00a0<\/strong><\/p>\n<p>\u00abNarrativa e Ram\u00ebs, progresiste n\u00eb tone dhe ekzekutive n\u00eb q\u00ebndrim, \u00ebsht\u00eb nj\u00eb nd\u00ebrtim i men\u00e7ur. Ajo p\u00ebrzien gjuh\u00ebn e Europ\u00ebs me gramatik\u00ebn e nj\u00eb pushteti vertikal. Operacioni n\u00eb Gjad\u00ebr sh\u00ebrben p\u00ebr t\u00eb forcuar korniz\u00ebn e liderit-ur\u00eb: ai q\u00eb p\u00ebrkthen Shqip\u00ebrin\u00eb n\u00eb gjuh\u00ebn e fuqive t\u00eb m\u00ebdha. Por ajo q\u00eb Rama shet nuk \u00ebsht\u00eb nj\u00eb projekt europian, \u00ebsht\u00eb nj\u00eb koreografi e europianizmit: val\u00ebvit pasaport\u00ebn e an\u00ebtar\u00ebsimit, nd\u00ebrsa shum\u00ebzon paqart\u00ebsit\u00eb demokratike\u00bb.<\/p>\n","protected":false},"excerpt":{"rendered":"<p>Nga Davide Carlucci,\u00a0La Repubblica Sip\u00ebrmarr\u00ebse dhe shkrimtare, e angazhuar n\u00eb politik\u00eb: Anita Likmeta jeton n\u00eb Itali q\u00eb nga viti 1997, por ndjek me pasion zhvillimet e vendit t\u00eb saj.\u00a0 N\u00ebse do t\u00eb fitonte p\u00ebrs\u00ebri Edi Rama?\u00a0 \u00abKjo do t\u00eb n\u00ebnkuptonte fillimin e mandatit t\u00eb tij t\u00eb kat\u00ebrt dhe do t\u00eb ishte institucionalizimi i nj\u00eb mungese: &hellip;<\/p>\n","protected":false},"author":4,"featured_media":113654,"comment_status":"closed","ping_status":"closed","sticky":false,"template":"","format":"standard","meta":{"footnotes":""},"categories":[37],"tags":[],"class_list":["post-113653","post","type-post","status-publish","format-standard","has-post-thumbnail","","category-politike"],"_links":{"self":[{"href":"https:\/\/rdnews.al\/index.php\/wp-json\/wp\/v2\/posts\/113653","targetHints":{"allow":["GET"]}}],"collection":[{"href":"https:\/\/rdnews.al\/index.php\/wp-json\/wp\/v2\/posts"}],"about":[{"href":"https:\/\/rdnews.al\/index.php\/wp-json\/wp\/v2\/types\/post"}],"author":[{"embeddable":true,"href":"https:\/\/rdnews.al\/index.php\/wp-json\/wp\/v2\/users\/4"}],"replies":[{"embeddable":true,"href":"https:\/\/rdnews.al\/index.php\/wp-json\/wp\/v2\/comments?post=113653"}],"version-history":[{"count":2,"href":"https:\/\/rdnews.al\/index.php\/wp-json\/wp\/v2\/posts\/113653\/revisions"}],"predecessor-version":[{"id":113659,"href":"https:\/\/rdnews.al\/index.php\/wp-json\/wp\/v2\/posts\/113653\/revisions\/113659"}],"wp:featuredmedia":[{"embeddable":true,"href":"https:\/\/rdnews.al\/index.php\/wp-json\/wp\/v2\/media\/113654"}],"wp:attachment":[{"href":"https:\/\/rdnews.al\/index.php\/wp-json\/wp\/v2\/media?parent=113653"}],"wp:term":[{"taxonomy":"category","embeddable":true,"href":"https:\/\/rdnews.al\/index.php\/wp-json\/wp\/v2\/categories?post=113653"},{"taxonomy":"post_tag","embeddable":true,"href":"https:\/\/rdnews.al\/index.php\/wp-json\/wp\/v2\/tags?post=113653"}],"curies":[{"name":"wp","href":"https:\/\/api.w.org\/{rel}","templated":true}]}}