{"id":113684,"date":"2025-05-11T10:57:21","date_gmt":"2025-05-11T10:57:21","guid":{"rendered":"https:\/\/rdnews.al\/?p=113684"},"modified":"2025-05-11T10:57:21","modified_gmt":"2025-05-11T10:57:21","slug":"reagim-i-pd-ps-dhe-balluku-po-minojne-zgjedhjet-me-shkelje-te-ligjit-ne-fier","status":"publish","type":"post","link":"https:\/\/rdnews.al\/index.php\/2025\/05\/11\/reagim-i-pd-ps-dhe-balluku-po-minojne-zgjedhjet-me-shkelje-te-ligjit-ne-fier\/","title":{"rendered":"Reagim i PD: PS dhe Balluku po minojn\u00eb zgjedhjet me shkelje t\u00eb ligjit n\u00eb Fier"},"content":{"rendered":"<p>Partia Demokratike dega Fier, ka reaguar ndaj akuzave t\u00eb b\u00ebra nga Belinda Balluku, e cila, sipas PD, p\u00ebrfaq\u00ebson organizat\u00ebn kriminale \u201cHakmarrja p\u00ebr Drejt\u00ebsi\u201d.<\/p>\n<p>PD e akuzon Ballukun p\u00ebr p\u00ebrpjekje t\u00eb dekurajoj\u00eb votuesit me akuza t\u00eb rreme ndaj Partis\u00eb Demokratike, lidhur me pretendimet p\u00ebr largimin e komisioner\u00ebve t\u00eb opozit\u00ebs nga qendrat e votimit.<\/p>\n<p>N\u00eb reagimin e ndar\u00eb nga drejtuesi politik p\u00ebr Fierin, Gazment Bardhi, PD thekson se nuk ka pasur asnj\u00eb largim t\u00eb komisioner\u00ebve t\u00eb saj nga qendrat e votimit.<\/p>\n<p><strong>REAGIM I PARTIS\u00cb DEMOKRATIKE, QARKU FIER<\/strong><\/p>\n<p>P\u00ebrmes z\u00ebdh\u00ebn\u00ebses s\u00eb organizat\u00ebs kriminale \u201cHakmarrja p\u00ebr Drejt\u00ebsi\u201d, Belinda Balluku po tenton t\u00eb dekurajoj\u00eb votuesit me akuza t\u00eb rreme p\u00ebr Partin\u00eb Demokratike. Nuk ka asnj\u00eb largim t\u00eb komisioner\u00ebve t\u00eb opozit\u00ebs nga qendrat e votimit. Ka mbrojtje t\u00eb procesit zgjedhor nga votimi i patronazhist\u00ebve n\u00eb em\u00ebr t\u00eb votuesve t\u00eb tjer\u00eb. Kjo \u00ebsht\u00eb e v\u00ebrteta e rastit t\u00eb referuar nga Belinda Balluku. Patronazhisti i PS ka hyr\u00eb n\u00eb qend\u00ebr votimi, ka votuar p\u00ebr nj\u00eb person tjet\u00ebr dhe \u00ebsht\u00eb larguar. Aktualisht, procesi vijon normalisht, pasi \u00ebsht\u00eb njoftuar KZAZ dhe an\u00ebtar\u00eb t\u00eb t\u00eb dyja forcave politike kan\u00eb verifikuar situat\u00ebn.<\/p>\n<p>Kandidat\u00ebt e Partis\u00eb Demokratike do t\u2019i p\u00ebrgjigjen \u00e7do thirrje t\u00eb komisioner\u00ebve tan\u00eb kur konstatohet shkelje e ligjit. Q\u00eb nga m\u00ebngjesi n\u00eb shumic\u00ebn e QV komisioner\u00ebt e Partis\u00eb Demokratike kan\u00eb njoftuar kandidat\u00ebt se komisioner\u00ebt\/v\u00ebzhguesit e PS brenda QV marrin n\u00eb m\u00ebnyr\u00eb t\u00eb paligjshme t\u00eb dh\u00ebnat e qytetar\u00ebve q\u00eb kan\u00eb votuar dhe i hedhin n\u00eb nj\u00eb format unik t\u00eb p\u00ebrgatitur nga PS. Kjo \u00ebsht\u00eb e paligjshme dhe synon t\u00eb kontrolloj\u00eb votuesit.<\/p>\n<p>\u00cbsht\u00eb e paligjshme q\u00eb persona t\u00eb paautorizuar, punonj\u00ebs t\u00eb administrat\u00ebs, persona t\u00eb armatosur, t\u00eb q\u00ebndrojn\u00eb brenda, n\u00eb der\u00ebn apo af\u00ebr QV.<\/p>\n<p>Policia e Shtetit edhe pse \u00ebsht\u00eb njoftuar nuk b\u00ebn asnj\u00eb reagim. P\u00ebr pasoj\u00eb, kandidatat\u00ebt tan\u00eb kan\u00eb nd\u00ebrhyr\u00eb dhe do t\u00eb nd\u00ebrhyjn\u00eb n\u00eb \u00e7do rast p\u00ebr t\u00eb k\u00ebrkuar rregullshm\u00ebrin\u00eb e procesit, q\u00eb po minohet nga prezenca e palejuar e qindra patronazhist\u00ebve s\u00eb PS n\u00eb \u00e7do QV.<\/p>\n<p>Ftoj qytetar\u00ebt e qarkut t\u00eb Fierit t\u00eb mos intimidohen nga k\u00ebto akte antidemokrate t\u00eb band\u00ebs s\u00eb Edi Ram\u00ebs dhe Belinda Ballukut n\u00eb Fier! Sot \u00ebsht\u00eb dita e qytetar\u00ebve dhe \u00e7do vot\u00eb e tyre vlen!<\/p>\n","protected":false},"excerpt":{"rendered":"<p>Partia Demokratike dega Fier, ka reaguar ndaj akuzave t\u00eb b\u00ebra nga Belinda Balluku, e cila, sipas PD, p\u00ebrfaq\u00ebson organizat\u00ebn kriminale \u201cHakmarrja p\u00ebr Drejt\u00ebsi\u201d. PD e akuzon Ballukun p\u00ebr p\u00ebrpjekje t\u00eb dekurajoj\u00eb votuesit me akuza t\u00eb rreme ndaj Partis\u00eb Demokratike, lidhur me pretendimet p\u00ebr largimin e komisioner\u00ebve t\u00eb opozit\u00ebs nga qendrat e votimit. N\u00eb reagimin e &hellip;<\/p>\n","protected":false},"author":4,"featured_media":106035,"comment_status":"closed","ping_status":"closed","sticky":false,"template":"","format":"standard","meta":{"footnotes":""},"categories":[37],"tags":[],"class_list":["post-113684","post","type-post","status-publish","format-standard","has-post-thumbnail","","category-politike"],"_links":{"self":[{"href":"https:\/\/rdnews.al\/index.php\/wp-json\/wp\/v2\/posts\/113684","targetHints":{"allow":["GET"]}}],"collection":[{"href":"https:\/\/rdnews.al\/index.php\/wp-json\/wp\/v2\/posts"}],"about":[{"href":"https:\/\/rdnews.al\/index.php\/wp-json\/wp\/v2\/types\/post"}],"author":[{"embeddable":true,"href":"https:\/\/rdnews.al\/index.php\/wp-json\/wp\/v2\/users\/4"}],"replies":[{"embeddable":true,"href":"https:\/\/rdnews.al\/index.php\/wp-json\/wp\/v2\/comments?post=113684"}],"version-history":[{"count":1,"href":"https:\/\/rdnews.al\/index.php\/wp-json\/wp\/v2\/posts\/113684\/revisions"}],"predecessor-version":[{"id":113685,"href":"https:\/\/rdnews.al\/index.php\/wp-json\/wp\/v2\/posts\/113684\/revisions\/113685"}],"wp:featuredmedia":[{"embeddable":true,"href":"https:\/\/rdnews.al\/index.php\/wp-json\/wp\/v2\/media\/106035"}],"wp:attachment":[{"href":"https:\/\/rdnews.al\/index.php\/wp-json\/wp\/v2\/media?parent=113684"}],"wp:term":[{"taxonomy":"category","embeddable":true,"href":"https:\/\/rdnews.al\/index.php\/wp-json\/wp\/v2\/categories?post=113684"},{"taxonomy":"post_tag","embeddable":true,"href":"https:\/\/rdnews.al\/index.php\/wp-json\/wp\/v2\/tags?post=113684"}],"curies":[{"name":"wp","href":"https:\/\/api.w.org\/{rel}","templated":true}]}}