{"id":113922,"date":"2025-05-14T09:52:24","date_gmt":"2025-05-14T09:52:24","guid":{"rendered":"https:\/\/rdnews.al\/?p=113922"},"modified":"2025-05-14T09:52:34","modified_gmt":"2025-05-14T09:52:34","slug":"zgjedhjet-nuk-permbushen-standardet-raporti-i-nderkombetareve-me-kritiku-ne-24-vite-agjencia-e-njohur-flet-tranzicion-pushteti","status":"publish","type":"post","link":"https:\/\/rdnews.al\/index.php\/2025\/05\/14\/zgjedhjet-nuk-permbushen-standardet-raporti-i-nderkombetareve-me-kritiku-ne-24-vite-agjencia-e-njohur-flet-tranzicion-pushteti\/","title":{"rendered":"&#8220;Zgjedhjet nuk p\u00ebrmbushen standardet&#8221;, raporti i nd\u00ebrkomb\u00ebtar\u00ebve m\u00eb kritiku n\u00eb 24 vite, agjencia e njohur flet tranzicion pushteti"},"content":{"rendered":"<p>&#8220;BIRN&#8221;<\/p>\n<p>Dy zyrtar\u00eb t\u00eb lart\u00eb t\u00eb Bashkimit Evropian shpreh\u00ebn shqet\u00ebsimin p\u00ebr shkeljen e standardeve zgjedhore nga Partia Socialiste n\u00eb Shqip\u00ebri duke mb\u00ebshtetur kritikat e nj\u00eb dite m\u00eb par\u00eb nga zyra e OSBE-s\u00eb p\u00ebr Zgjedhjet Demokratike, ODIHR.<\/p>\n<p>Zyrtar\u00ebt b\u00ebn\u00eb thirrje p\u00ebr dialog me baz\u00eb t\u00eb gjer\u00eb dhe paralajm\u00ebruan se po e monitorojn\u00eb situat\u00ebn nga af\u00ebr.<\/p>\n<p>\u201cVotimet u zhvilluan n\u00eb nj\u00eb mjedis shum\u00eb t\u00eb polarizuar, n\u00eb t\u00eb cil\u00ebn pjes\u00ebmarr\u00ebsit nuk pat\u00ebn kushte t\u00eb barabarta loje,\u201d thuhet n\u00eb deklarat\u00eb duke iu referuar gjetjeve dhe konkluzioneve paraprake t\u00eb Misionit t\u00eb Vrojtimit t\u00eb Zgjedhjeve nga OSBE\/ODIHR.<\/p>\n<p>\u201cP\u00ebr shkak t\u00eb p\u00ebrdorimit t\u00eb gjith\u00ebp\u00ebrhapur t\u00eb burimeve administrative dhe lev\u00ebs institucionale, mund t\u00eb thuhet se shumica pati avantazhin e t\u00eb qenit n\u00eb fuqi. Aludime t\u00eb shumta jan\u00eb b\u00ebr\u00eb mbi presionin mbi votuesit, n\u00eb ve\u00e7anti, p\u00ebr punonj\u00ebsit e sektorit publik,\u201d vijon m\u00eb tej deklarata, n\u00eb t\u00eb cil\u00ebn b\u00ebhet thirrje p\u00ebr hetime si zgjidhja e vetme e problemit.<\/p>\n<p>\u201cBashkimi Evropian do t\u00eb ndjek\u00eb nga af\u00ebr zhvillimet zgjedhore deri n\u00eb certifikimin e rezultateve. T\u00eb gjitha forcat politike duhet t\u00eb sigurohen p\u00ebr funksionimin e vazhduesh\u00ebm t\u00eb institucioneve t\u00eb vendit,\u201d vijon m\u00eb tej deklarata.<\/p>\n<p>Z\u00ebvend\u00ebspresidentja Kallas dhe komisionerja Kos b\u00ebjn\u00eb gjithashtu thirrje p\u00ebr dialog konstruktiv dhe gjith\u00ebp\u00ebrfshir\u00ebs mes partive politike dhe t\u00eb gjitha sektor\u00ebve t\u00eb shoq\u00ebris\u00eb, p\u00ebrfshir\u00eb organizatat dhe bashk\u00ebsit\u00eb vendore.<\/p>\n<p>Qeveria shqiptare apo Partia Socialiste nuk kan\u00eb komentuar publikisht mbi shqet\u00ebsimet e ngritura nga opozita, v\u00ebzhguesit vend\u00ebs dhe v\u00ebzhguesit nd\u00ebrkomb\u00ebtar\u00eb mbi shkeljen e standardeve zgjedhore.<\/p>\n<p>T\u00eb h\u00ebn\u00ebn, v\u00ebzhguesit nd\u00ebrkomb\u00ebtar\u00eb deklaruan se praktikat e socialist\u00ebve, t\u00eb tilla si p\u00ebrdorimi i burimeve shtet\u00ebrore, frik\u00ebsimi i votuesve p\u00ebrmes sistemit t\u00eb patronazhist\u00ebve apo kontrolli mbi median \u201cnuk jan\u00eb n\u00eb p\u00ebrputhje me standardet nd\u00ebrkomb\u00ebtare\u201d.<\/p>\n<p>Kritikat nga nd\u00ebrkomb\u00ebtar\u00ebt p\u00ebr zgjedhjet e 11 majit jan\u00eb m\u00eb seriozet t\u00eb sh\u00ebnuara n\u00eb k\u00ebt\u00eb drejtim q\u00eb nga viti 2001, kur abuzimet masive t\u00eb socialist\u00ebve n\u00eb at\u00eb koh\u00eb i shtyn\u00eb v\u00ebzhguesit t\u00eb mos i njohin zgjedhjet si t\u00eb rregullta. Nj\u00eb proces dialogu u imponua mbi qeverin\u00eb e koh\u00ebs, proces q\u00eb p\u00ebrfundoi me zgjedhjen e nj\u00eb presidenti konsensual n\u00eb vitin 2003 dhe me reforma zgjedhore t\u00eb cilat soll\u00ebn tranzicionin relativisht paq\u00ebsor t\u00eb pushtetit n\u00eb vitin 2005.<\/p>\n","protected":false},"excerpt":{"rendered":"<p>&#8220;BIRN&#8221; Dy zyrtar\u00eb t\u00eb lart\u00eb t\u00eb Bashkimit Evropian shpreh\u00ebn shqet\u00ebsimin p\u00ebr shkeljen e standardeve zgjedhore nga Partia Socialiste n\u00eb Shqip\u00ebri duke mb\u00ebshtetur kritikat e nj\u00eb dite m\u00eb par\u00eb nga zyra e OSBE-s\u00eb p\u00ebr Zgjedhjet Demokratike, ODIHR. Zyrtar\u00ebt b\u00ebn\u00eb thirrje p\u00ebr dialog me baz\u00eb t\u00eb gjer\u00eb dhe paralajm\u00ebruan se po e monitorojn\u00eb situat\u00ebn nga af\u00ebr. \u201cVotimet &hellip;<\/p>\n","protected":false},"author":3,"featured_media":113923,"comment_status":"closed","ping_status":"closed","sticky":false,"template":"","format":"standard","meta":{"footnotes":""},"categories":[40],"tags":[],"class_list":["post-113922","post","type-post","status-publish","format-standard","has-post-thumbnail","","category-aktualitet"],"_links":{"self":[{"href":"https:\/\/rdnews.al\/index.php\/wp-json\/wp\/v2\/posts\/113922","targetHints":{"allow":["GET"]}}],"collection":[{"href":"https:\/\/rdnews.al\/index.php\/wp-json\/wp\/v2\/posts"}],"about":[{"href":"https:\/\/rdnews.al\/index.php\/wp-json\/wp\/v2\/types\/post"}],"author":[{"embeddable":true,"href":"https:\/\/rdnews.al\/index.php\/wp-json\/wp\/v2\/users\/3"}],"replies":[{"embeddable":true,"href":"https:\/\/rdnews.al\/index.php\/wp-json\/wp\/v2\/comments?post=113922"}],"version-history":[{"count":1,"href":"https:\/\/rdnews.al\/index.php\/wp-json\/wp\/v2\/posts\/113922\/revisions"}],"predecessor-version":[{"id":113924,"href":"https:\/\/rdnews.al\/index.php\/wp-json\/wp\/v2\/posts\/113922\/revisions\/113924"}],"wp:featuredmedia":[{"embeddable":true,"href":"https:\/\/rdnews.al\/index.php\/wp-json\/wp\/v2\/media\/113923"}],"wp:attachment":[{"href":"https:\/\/rdnews.al\/index.php\/wp-json\/wp\/v2\/media?parent=113922"}],"wp:term":[{"taxonomy":"category","embeddable":true,"href":"https:\/\/rdnews.al\/index.php\/wp-json\/wp\/v2\/categories?post=113922"},{"taxonomy":"post_tag","embeddable":true,"href":"https:\/\/rdnews.al\/index.php\/wp-json\/wp\/v2\/tags?post=113922"}],"curies":[{"name":"wp","href":"https:\/\/api.w.org\/{rel}","templated":true}]}}