{"id":113932,"date":"2025-05-14T10:14:27","date_gmt":"2025-05-14T10:14:27","guid":{"rendered":"https:\/\/rdnews.al\/?p=113932"},"modified":"2025-05-14T10:14:27","modified_gmt":"2025-05-14T10:14:27","slug":"vota-e-diaspores-nuri-pune-e-bere-nga-patronazhimet-hije-te-forta-dyshimi","status":"publish","type":"post","link":"https:\/\/rdnews.al\/index.php\/2025\/05\/14\/vota-e-diaspores-nuri-pune-e-bere-nga-patronazhimet-hije-te-forta-dyshimi\/","title":{"rendered":"Vota e diaspor\u00ebs, Nuri: Pun\u00eb e b\u00ebr\u00eb nga patronazhimet, hije t\u00eb forta dyshimi!"},"content":{"rendered":"<p>P\u00ebrfaq\u00ebsuesi ligjor i Partis\u00eb Demokratike n\u00eb KQZ, Franc Nuri, n\u00eb nj\u00eb lidhje nga Qendra ku po num\u00ebrohen votat e diaspor\u00ebs foli mbi gjetjet dhe problematikat e hasura nga opozita n\u00eb procesin zgjedhor t\u00eb 11 majit.<\/p>\n<p>\u201cProcesi i num\u00ebrimit po vijon me ritme t\u00eb ngadalta, por kemi konstatuar disa probleme, ku ajo q\u00eb vihet re \u00ebsht\u00eb se ka nj\u00eb num\u00ebr t\u00eb lart\u00eb t\u00eb votave t\u00eb Partis\u00eb Socialiste t\u00eb cilat nuk jan\u00eb t\u00eb vendosura tek numri 5 p\u00ebr subjektin, por jan\u00eb vet\u00ebm p\u00ebr kandidatin.<\/p>\n<p>Kjo tregon q\u00eb nuk jan\u00eb trajnuar si duhet votuesit, ose n\u00ebnkupton se kjo \u00ebsht\u00eb pun\u00eb e b\u00ebr\u00eb nga patronazhimet, sepse nj\u00eb vot\u00eb p\u00ebr nj\u00eb kandidat t\u00eb caktuar, ku nj\u00eb kandidat t\u00eb ket\u00eb marr\u00eb pothuajse t\u00eb gjitha votat n\u00eb nj\u00eb kuti kjo l\u00eb hije t\u00eb forta dyshimi.<\/p>\n<p>Rezultati q\u00eb ka dal\u00eb p\u00ebr momentin kuptohet q\u00eb nuk \u00ebsht\u00eb i pranuesh\u00ebm p\u00ebr Partin\u00eb Demokratike dhe vota e diaspor\u00ebs b\u00ebn nj\u00eb diferenc\u00eb t\u00eb madhe me vot\u00ebn e shqiptar\u00ebve k\u00ebtu n\u00eb Shqip\u00ebris\u00eb\u201d,\u00a0u shpreh nd\u00ebr t\u00eb tjera Franc Nuri.<\/p>\n","protected":false},"excerpt":{"rendered":"<p>P\u00ebrfaq\u00ebsuesi ligjor i Partis\u00eb Demokratike n\u00eb KQZ, Franc Nuri, n\u00eb nj\u00eb lidhje nga Qendra ku po num\u00ebrohen votat e diaspor\u00ebs foli mbi gjetjet dhe problematikat e hasura nga opozita n\u00eb procesin zgjedhor t\u00eb 11 majit. \u201cProcesi i num\u00ebrimit po vijon me ritme t\u00eb ngadalta, por kemi konstatuar disa probleme, ku ajo q\u00eb vihet re \u00ebsht\u00eb &hellip;<\/p>\n","protected":false},"author":4,"featured_media":113874,"comment_status":"closed","ping_status":"closed","sticky":false,"template":"","format":"standard","meta":{"footnotes":""},"categories":[37],"tags":[],"class_list":["post-113932","post","type-post","status-publish","format-standard","has-post-thumbnail","","category-politike"],"_links":{"self":[{"href":"https:\/\/rdnews.al\/index.php\/wp-json\/wp\/v2\/posts\/113932","targetHints":{"allow":["GET"]}}],"collection":[{"href":"https:\/\/rdnews.al\/index.php\/wp-json\/wp\/v2\/posts"}],"about":[{"href":"https:\/\/rdnews.al\/index.php\/wp-json\/wp\/v2\/types\/post"}],"author":[{"embeddable":true,"href":"https:\/\/rdnews.al\/index.php\/wp-json\/wp\/v2\/users\/4"}],"replies":[{"embeddable":true,"href":"https:\/\/rdnews.al\/index.php\/wp-json\/wp\/v2\/comments?post=113932"}],"version-history":[{"count":1,"href":"https:\/\/rdnews.al\/index.php\/wp-json\/wp\/v2\/posts\/113932\/revisions"}],"predecessor-version":[{"id":113933,"href":"https:\/\/rdnews.al\/index.php\/wp-json\/wp\/v2\/posts\/113932\/revisions\/113933"}],"wp:featuredmedia":[{"embeddable":true,"href":"https:\/\/rdnews.al\/index.php\/wp-json\/wp\/v2\/media\/113874"}],"wp:attachment":[{"href":"https:\/\/rdnews.al\/index.php\/wp-json\/wp\/v2\/media?parent=113932"}],"wp:term":[{"taxonomy":"category","embeddable":true,"href":"https:\/\/rdnews.al\/index.php\/wp-json\/wp\/v2\/categories?post=113932"},{"taxonomy":"post_tag","embeddable":true,"href":"https:\/\/rdnews.al\/index.php\/wp-json\/wp\/v2\/tags?post=113932"}],"curies":[{"name":"wp","href":"https:\/\/api.w.org\/{rel}","templated":true}]}}