{"id":113939,"date":"2025-05-14T11:47:17","date_gmt":"2025-05-14T11:47:17","guid":{"rendered":"https:\/\/rdnews.al\/?p=113939"},"modified":"2025-05-14T11:47:17","modified_gmt":"2025-05-14T11:47:17","slug":"hordhite-e-bandave-ne-keto-zgjedhje-ishin-nje-terrorizem-i-gjalle-kundra-demokracise","status":"publish","type":"post","link":"https:\/\/rdnews.al\/index.php\/2025\/05\/14\/hordhite-e-bandave-ne-keto-zgjedhje-ishin-nje-terrorizem-i-gjalle-kundra-demokracise\/","title":{"rendered":"Hordhit\u00eb e bandave n\u00eb k\u00ebto zgjedhje ishin nj\u00eb terroriz\u00ebm i gjall\u00eb kundra demokracis\u00eb"},"content":{"rendered":"<p><strong>Nga\u00a0Ndri\u00e7im KULLA<\/strong><\/p>\n<p>Vjedhja e zgjedhjeve \u00ebsht\u00eb nj\u00eb e th\u00ebn\u00eb e tejkaluar p\u00ebr ne.<\/p>\n<p>E riprovuar kjo ishte pardje t\u00ebr\u00eb dit\u00ebn e zgjedhjeve.<\/p>\n<p>Rezultati i saj i paradeklaruar nga sondazhet e porositura, duket se ishte kalibruar sakt\u00ebsisht me skem\u00ebn patronazhiste t\u00eb blerjes s\u00eb \u00e7do vote, orientimit t\u00eb organizuar t\u00eb vot\u00ebs nga administrata shtet\u00ebrore dhe presione nga m\u00eb t\u00eb ndryshmet.<\/p>\n<p>Duhet t\u00eb kujtojm\u00eb se disa koh\u00eb m\u00eb pare nisi nj\u00eb l\u00ebvizje e fort\u00eb nga ana e opozit\u00ebs me k\u00ebrkes\u00ebn e nj\u00eb qeverie teknike. Ishte ide e mire n\u00eb fakt, e provuar dhe st\u00ebrprovuar dhimb\u00ebshm, se zgjedhje me kryeminist\u00ebr Edi Ram\u00ebn nuk mund t\u00eb b\u00ebheshin kurr\u00eb.<\/p>\n<p>Nuk jam i qart\u00eb pse u braktis.<\/p>\n<p>Nuk pati as\u00a0 transparenc\u00eb t\u00eb qart\u00eb, se \u00e7far\u00eb u b\u00eb, pse nuk u \u00e7ua m\u00eb tej, \u00e7far\u00eb\u00a0 ndodhi me k\u00ebt\u00eb strategji\u00a0 t\u00eb mir\u00ebmenduar politike t\u00eb opozit\u00ebs?!<\/p>\n<p>M\u00eb vjen t\u00eb hamend\u00ebsoj se p\u00ebr v\u00ebrtet\u00ebsin\u00eb politike t\u00eb k\u00ebsaj nisme, n\u00eb analet e politik\u00ebs mund t\u00eb ket\u00eb qen\u00eb nj\u00eb faktor nd\u00ebrkomb\u00ebtar q\u00eb ka nd\u00ebrhyr\u00eb ndoshta\u00a0 me nj\u00eb ide m\u00eb t\u00eb mire, duke qen\u00eb i bindur se do impononte presion mbi Edi Ram\u00ebn p\u00ebr ta detyruar q\u00eb t\u00eb b\u00ebnte zgjedhje, s\u00eb paku, af\u00ebr standardeve minimale\u00a0 politike t\u00eb cilat i njeh\u00eb dhe i respekton gjith\u00eb Evropa.<\/p>\n<p>Por kjo\u00a0 nuk ndodhi.<\/p>\n<p>Madje ndodhi e kund\u00ebrta.<\/p>\n<p>Sot ne evropian\u00ebt dhe miqt\u00eb amerikan\u00eb kemi m\u00eb shum\u00eb problem ne sa kishim me regjimin e Ram\u00ebs.<\/p>\n<p>Arena e bat\u00ebrdis\u00eb elektorale\u00a0 t\u00eb grabitjes s\u00eb k\u00ebtyre\u00a0 zgjedhjeve ishte shum\u00eb her\u00eb m\u00eb pranishme se t\u00eb gjitha zgjedhjet e b\u00ebra m\u00eb par\u00eb q\u00eb ka b\u00ebr\u00eb narkodiktatori shqiptar. \u00cbsht\u00eb e filmuar dhe fotografuar n\u00eb kufijt\u00eb e profesionalizmit.<\/p>\n<p>Pavar\u00ebsisht rezultatit p\u00ebrfundimtar q\u00eb do deklarohet n\u00eb vijim, ne pam\u00eb n\u00eb t\u00eb gjith\u00eb Shqip\u00ebrin\u00eb nj\u00eb grusht shteti kundra zgjedhjeve t\u00eb lira dhe demokracis\u00eb.<\/p>\n<p>Hordhit\u00eb elektorale t\u00eb bandave ishin nj\u00eb agresion i gjall\u00eb dhe i pa kufish\u00ebm.<\/p>\n<p>A ka vend k\u00ebtu t\u00eb flitet m\u00eb p\u00ebr zgjedhje normale me standarde demokratike si vendi i NATO-s, si vend kandidat p\u00ebr\u00a0 Bashkimin Evropian dhe partner i besuesh\u00ebm i fuqive t\u00eb m\u00ebdha politike. dhe demokratike si SHBA dhe Gjermania, si Franca dhe Anglia apo Italia dhe Polonia etj ?!<\/p>\n<p>Njollat e duarve t\u00eb djallit n\u00eb k\u00ebto zgjedhje dol\u00ebn p\u00ebrs\u00ebri n\u00eb pasqyr\u00eb m\u00eb t\u00eb nxira. \u00c7far\u00eb nuk ka b\u00ebr\u00eb ky most\u00ebr p\u00ebr t\u00eb mbajtur pushtetin.<\/p>\n<p>Gjith\u00eb opozit\u00ebn e projektoi q\u00eb ta fuste n\u00eb burg dhe ta mbante me duart t\u00eb lidhura varur n\u00eb \u00e7engelat e drejt\u00ebsis\u00eb q\u00eb ka krijuar m\u00ebndja dhe dora e tij. Dhe e b\u00ebri.<\/p>\n<p>Q\u00ebllimi kryesor ishin zgjedhje e 11 majit ku konkurrenca\u00a0 duhej t\u00eb ishte\u00a0 fare e shkat\u00ebrruar. Dhe e shkat\u00ebrroi.<\/p>\n<p>Shqip\u00ebria zien nga ky krimi zgjedhor sepse \u00ebsht\u00eb goditur n\u00eb thell\u00ebsi besimi, nd\u00ebrsa SPAK i veshur si nj\u00eb bukuroshe me buz\u00eb t\u00eb kuqe sh\u00ebtit v\u00ebrdall\u00eb n\u00ebp\u00ebr rrug\u00ebt e\u00a0 Shqip\u00ebris\u00eb p\u00ebr t\u00eb b\u00ebr\u00eb parade imazhi, se gjoja po ndjek krimin zgjedhor.<\/p>\n<p>Kronikat e filmuara televizive po na e japin realitetin zgjedhor ashtu si\u00e7 \u00ebsht\u00eb p\u00ebr ta par\u00eb dhe p\u00ebr ta gjykuar m\u00eb objektivisht.<\/p>\n<p>K\u00ebtu\u00a0 \u00ebsht\u00eb arena e trafikut t\u00eb drog\u00ebs, e bandave q\u00eb grabisin me dhun\u00eb votat e qytetar\u00ebve, e shtetit q\u00eb ka dymb\u00ebdhjet\u00eb vjet q\u00eb \u00ebsht\u00eb ricikluar me dhun\u00eb\u00a0 dhe represion politik.<\/p>\n<p>A ka vend k\u00ebtu t\u00eb flitet m\u00eb p\u00ebr zgjedhje normale me standarde demokratike si vendi i NATO-s , vend kandidat e Bashkimit Evropian dhe partner i besuesh\u00ebm i fuqive t\u00eb m\u00ebdha politike\u00a0 dhe demokratike, si SHBA dhe Gjermania, si Franca dhe Anglia apo Italia dhe Polonia?!<\/p>\n<p>Pam\u00eb edhe nj\u00eb here makinerin\u00eb elektorale e cila s\u2019b\u00ebn krenar Edi Ram\u00ebn. Modelet e skemave t\u00eb krijuara prej regjimit t\u00eb tij i pam\u00eb me mir\u00eb dje n\u00eb t\u00ebr\u00eb dit\u00ebn e votimeve te Rruga Marko Bo\u00e7ari Tiran\u00eb. Zyrat operative t\u00eb Sigurimit t\u00eb Shtetit t\u00eb mbushura me para dhe lista votuesish q\u00eb u shp\u00ebrndaheshin n\u00eb m\u00ebnyr\u00eb operative vot\u00ebshit\u00ebsave nga sekser\u00ebt deputet\u00eb, ku n\u00eb rastin flagrant ishte Erion Bra\u00e7e, e diku tjet\u00ebr ende n\u00eb pa mund\u00ebsi p\u00ebr tu identifikuar nga opozita dhe denoncuesit. D\u00ebshmin\u00eb m\u00eb t\u00eb mir\u00eb se \u00e7far\u00eb b\u00ebn makina elektorale e Ram\u00ebs na e jep mes shum\u00eb t\u00eb tjerash nj\u00eb d\u00ebshmi e rrall\u00eb krimi. Nj\u00eb band\u00eb nga hordhia e madhe elektorale e organizuar si ushtri m\u00eb vete\u00a0 e mbyllur n\u00eb nj\u00eb zyr\u00eb pa logo elektorale shp\u00ebrndante para nga rrjeti i narkoshtetit p\u00ebr viktimat e vot\u00ebs.<\/p>\n<p>Natyrisht q\u00eb regjimi i organizuar p\u00ebr t\u00eb sunduar gjat\u00eb, i ka t\u00eb gjitha institucionet ligj\u00ebzbatuese dhe ato t\u00eb siguris\u00eb n\u00eb dor\u00eb dhe do b\u00ebj\u00eb \u00e7mos t\u00eb\u00a0 prangoset e v\u00ebrteta. Por e v\u00ebrteta e shkallmoi murin e mbrojtjes s\u00eb krimit. Ne i pam\u00eb patronazhist\u00ebt e k\u00ebtij krimi t\u00eb filmuar tek iknin nga zyra t\u00eb llahtarisur me kapu\u00e7 n\u00eb kok\u00eb dhe \u00e7antat e parave n\u00eb krah\u00eb, nj\u00eblloj sikur dilnin nga grabitja e nj\u00eb banke diku n\u00eb nj\u00eb nga rrug\u00ebt e qytetit.<\/p>\n<p>Rruga evropiane \u00ebsht\u00eb rruga e respektimit t\u00eb parimeve t\u00eb liris\u00eb dhe demokracis\u00eb mbi t\u00eb cilat\u00a0 zhvillohen zgjedhjet t\u00eb cilat domosdoshm\u00ebrisht duhet respektojn\u00eb vullnetin e popullit.<\/p>\n<p>K\u00ebto\u00a0 zgjedhje jan\u00eb t\u00eb grabitura. K\u00ebto zgjedhje i ka vrar\u00eb grabitja dhe manipulimi tyre.<\/p>\n<p>Muri i diplomacis\u00eb q\u00eb kan\u00eb nd\u00ebrtuar institucionet evropiane t\u00eb akredituara n\u00eb Tiran\u00eb, duke pohuar rezervimin e tyre p\u00ebr ti treguar Edi Ram\u00ebs vendin me justifikimin,\u00a0 se\u00a0 po e nxim\u00eb Shqip\u00ebrin\u00eb q\u00eb \u00ebsht\u00eb vend kandidat do i b\u00ebjm\u00eb d\u00ebm, duhet rr\u00ebzuar. D\u00ebmi m\u00eb i madh q\u00eb i behet Shqip\u00ebris\u00eb \u00ebsht\u00eb pik\u00ebrisht ky:\u00a0 kur nuk i thuhet e v\u00ebrteta dhe nuk i jepen ndihma n\u00eb koh\u00ebn e duhur.<\/p>\n<p>Ka ardhur momenti q\u00eb faktorit demokratik nd\u00ebrkomb\u00ebtar t\u00eb ngrihet n\u00eb nivelin e arroganc\u00ebs ndaj k\u00ebtij regjimi. Nuk duhet t\u00eb ket\u00eb m\u00eb iluzion mbi k\u00ebt\u00eb regjim edhe prej tyre. P\u00ebrtej gjuh\u00ebs diplomatike dhe rezolutave, gjuha q\u00eb do zinte vend m\u00eb shum\u00eb ndaj k\u00ebtij regjimi ishte ultimatum.<\/p>\n","protected":false},"excerpt":{"rendered":"<p>Nga\u00a0Ndri\u00e7im KULLA Vjedhja e zgjedhjeve \u00ebsht\u00eb nj\u00eb e th\u00ebn\u00eb e tejkaluar p\u00ebr ne. E riprovuar kjo ishte pardje t\u00ebr\u00eb dit\u00ebn e zgjedhjeve. Rezultati i saj i paradeklaruar nga sondazhet e porositura, duket se ishte kalibruar sakt\u00ebsisht me skem\u00ebn patronazhiste t\u00eb blerjes s\u00eb \u00e7do vote, orientimit t\u00eb organizuar t\u00eb vot\u00ebs nga administrata shtet\u00ebrore dhe presione nga &hellip;<\/p>\n","protected":false},"author":4,"featured_media":48717,"comment_status":"closed","ping_status":"closed","sticky":false,"template":"","format":"standard","meta":{"footnotes":""},"categories":[44],"tags":[],"class_list":["post-113939","post","type-post","status-publish","format-standard","has-post-thumbnail","","category-editorial"],"_links":{"self":[{"href":"https:\/\/rdnews.al\/index.php\/wp-json\/wp\/v2\/posts\/113939","targetHints":{"allow":["GET"]}}],"collection":[{"href":"https:\/\/rdnews.al\/index.php\/wp-json\/wp\/v2\/posts"}],"about":[{"href":"https:\/\/rdnews.al\/index.php\/wp-json\/wp\/v2\/types\/post"}],"author":[{"embeddable":true,"href":"https:\/\/rdnews.al\/index.php\/wp-json\/wp\/v2\/users\/4"}],"replies":[{"embeddable":true,"href":"https:\/\/rdnews.al\/index.php\/wp-json\/wp\/v2\/comments?post=113939"}],"version-history":[{"count":1,"href":"https:\/\/rdnews.al\/index.php\/wp-json\/wp\/v2\/posts\/113939\/revisions"}],"predecessor-version":[{"id":113940,"href":"https:\/\/rdnews.al\/index.php\/wp-json\/wp\/v2\/posts\/113939\/revisions\/113940"}],"wp:featuredmedia":[{"embeddable":true,"href":"https:\/\/rdnews.al\/index.php\/wp-json\/wp\/v2\/media\/48717"}],"wp:attachment":[{"href":"https:\/\/rdnews.al\/index.php\/wp-json\/wp\/v2\/media?parent=113939"}],"wp:term":[{"taxonomy":"category","embeddable":true,"href":"https:\/\/rdnews.al\/index.php\/wp-json\/wp\/v2\/categories?post=113939"},{"taxonomy":"post_tag","embeddable":true,"href":"https:\/\/rdnews.al\/index.php\/wp-json\/wp\/v2\/tags?post=113939"}],"curies":[{"name":"wp","href":"https:\/\/api.w.org\/{rel}","templated":true}]}}