{"id":113946,"date":"2025-05-14T14:52:14","date_gmt":"2025-05-14T14:52:14","guid":{"rendered":"https:\/\/rdnews.al\/?p=113946"},"modified":"2025-05-14T14:52:14","modified_gmt":"2025-05-14T14:52:14","slug":"berisha-cdo-ore-dalin-faktet-shkaterrimtare-per-farsen-elektorale-te-11-majit-te-organizuar-nga-toto-rina-i-tiranes","status":"publish","type":"post","link":"https:\/\/rdnews.al\/index.php\/2025\/05\/14\/berisha-cdo-ore-dalin-faktet-shkaterrimtare-per-farsen-elektorale-te-11-majit-te-organizuar-nga-toto-rina-i-tiranes\/","title":{"rendered":"Berisha: \u00c7do or\u00eb dalin faktet shkat\u00ebrrimtare p\u00ebr fars\u00ebn elektorale t\u00eb 11 majit t\u00eb organizuar nga Toto Rina i Tiran\u00ebs"},"content":{"rendered":"<p>Lideri i opozit\u00ebs, Sali Berisha ka deklaruar gjat\u00eb nj\u00eb konferenc\u00eb shtypi se, \u201c\u00e7do or\u00eb dalin fakte, dokumente shkat\u00ebrrimtare p\u00ebr fars\u00ebn elektorale t\u00eb 11 majit t\u00eb organizuar nga Toto Rina i Tiran\u00ebs, Edi Rama\u201d.<\/p>\n<p>\u201c\u00c7do or\u00eb q\u00eb kalon, nxjerr fakte, dokumente shkat\u00ebrrimtare p\u00ebr fars\u00ebn elektorale t\u00eb 11 majit t\u00eb organizuar nga Toto Rina i Tiran\u00ebs, Edi Rama.<\/p>\n<p>Por un\u00eb jam k\u00ebtu para s\u00eb gjithash, p\u00ebr t\u00eb shprehur vler\u00ebsimin tim, p\u00ebr t\u00eb gjith\u00eb ata komisioner\u00eb dhe num\u00ebrues, v\u00ebzhgues t\u00eb opozit\u00ebs q\u00eb n\u00eb kushtet e nj\u00eb presioni t\u00eb gjith\u00ebansh\u00ebm, n\u00eb kufijt\u00eb e nj\u00eb terrorizmi shtet\u00ebror, por kryejn\u00eb detyr\u00ebn e tyre dhe i ftoj ata ta kryejn\u00eb gjer n\u00eb fund.<\/p>\n<p>Kjo \u00ebsht\u00eb rruga m\u00eb e mire p\u00ebr t\u00eb mbrojtur vot\u00ebn e shqiptar\u00ebve, n\u00eb kuptimin q\u00eb ne jemi t\u00eb detyruar, ligj\u00ebrisht dhe me kushtetut\u00eb, t\u00eb mbrojm\u00eb \u00e7do vot\u00eb t\u00eb hedhur nga qytetar\u00ebt shqiptar\u00eb.<\/p>\n<p>Por kjo \u00ebsht\u00eb rruga gjithashtu p\u00ebr t\u00eb faktuar para shqiptar\u00ebve dhe bot\u00ebs, fars\u00ebn e paprecedent\u00eb q\u00eb po kund\u00ebrmon n\u00eb t\u00eb 4-an\u00ebt, fars\u00ebn elektorale q\u00eb organizoi narkoregjimi i Tiran\u00ebs me dat\u00ebn 11 maj t\u00eb vitit 2025.<\/p>\n<p>N\u00eb k\u00ebt\u00eb kuad\u00ebr, Partia Demokratike dhe opozita po p\u00ebrgatit luft\u00ebn e fuqishme p\u00ebr mbrojtjen e t\u00eb drejt\u00ebs s\u00eb vot\u00ebs s\u00eb shqiptar\u00ebve\u201d, tha Berisha.<\/p>\n","protected":false},"excerpt":{"rendered":"<p>Lideri i opozit\u00ebs, Sali Berisha ka deklaruar gjat\u00eb nj\u00eb konferenc\u00eb shtypi se, \u201c\u00e7do or\u00eb dalin fakte, dokumente shkat\u00ebrrimtare p\u00ebr fars\u00ebn elektorale t\u00eb 11 majit t\u00eb organizuar nga Toto Rina i Tiran\u00ebs, Edi Rama\u201d. \u201c\u00c7do or\u00eb q\u00eb kalon, nxjerr fakte, dokumente shkat\u00ebrrimtare p\u00ebr fars\u00ebn elektorale t\u00eb 11 majit t\u00eb organizuar nga Toto Rina i Tiran\u00ebs, Edi &hellip;<\/p>\n","protected":false},"author":4,"featured_media":113159,"comment_status":"closed","ping_status":"closed","sticky":false,"template":"","format":"standard","meta":{"footnotes":""},"categories":[37],"tags":[],"class_list":["post-113946","post","type-post","status-publish","format-standard","has-post-thumbnail","","category-politike"],"_links":{"self":[{"href":"https:\/\/rdnews.al\/index.php\/wp-json\/wp\/v2\/posts\/113946","targetHints":{"allow":["GET"]}}],"collection":[{"href":"https:\/\/rdnews.al\/index.php\/wp-json\/wp\/v2\/posts"}],"about":[{"href":"https:\/\/rdnews.al\/index.php\/wp-json\/wp\/v2\/types\/post"}],"author":[{"embeddable":true,"href":"https:\/\/rdnews.al\/index.php\/wp-json\/wp\/v2\/users\/4"}],"replies":[{"embeddable":true,"href":"https:\/\/rdnews.al\/index.php\/wp-json\/wp\/v2\/comments?post=113946"}],"version-history":[{"count":1,"href":"https:\/\/rdnews.al\/index.php\/wp-json\/wp\/v2\/posts\/113946\/revisions"}],"predecessor-version":[{"id":113947,"href":"https:\/\/rdnews.al\/index.php\/wp-json\/wp\/v2\/posts\/113946\/revisions\/113947"}],"wp:featuredmedia":[{"embeddable":true,"href":"https:\/\/rdnews.al\/index.php\/wp-json\/wp\/v2\/media\/113159"}],"wp:attachment":[{"href":"https:\/\/rdnews.al\/index.php\/wp-json\/wp\/v2\/media?parent=113946"}],"wp:term":[{"taxonomy":"category","embeddable":true,"href":"https:\/\/rdnews.al\/index.php\/wp-json\/wp\/v2\/categories?post=113946"},{"taxonomy":"post_tag","embeddable":true,"href":"https:\/\/rdnews.al\/index.php\/wp-json\/wp\/v2\/tags?post=113946"}],"curies":[{"name":"wp","href":"https:\/\/api.w.org\/{rel}","templated":true}]}}