{"id":113948,"date":"2025-05-14T14:56:16","date_gmt":"2025-05-14T14:56:16","guid":{"rendered":"https:\/\/rdnews.al\/?p=113948"},"modified":"2025-05-14T14:56:16","modified_gmt":"2025-05-14T14:56:16","slug":"berisha-faktet-dhe-dokumentet-e-farses-elektorale-do-i-cojme-ne-kancelarite-evropiane-dhe-senatin-dhe-kongresin-e-shba","status":"publish","type":"post","link":"https:\/\/rdnews.al\/index.php\/2025\/05\/14\/berisha-faktet-dhe-dokumentet-e-farses-elektorale-do-i-cojme-ne-kancelarite-evropiane-dhe-senatin-dhe-kongresin-e-shba\/","title":{"rendered":"Berisha: Faktet dhe dokumentet e fars\u00ebs elektorale do i \u00e7ojm\u00eb n\u00eb kancelarit\u00eb Evropiane dhe Senatin dhe Kongresin e SHBA"},"content":{"rendered":"<p>Lideri i opozit\u00ebs, Sali Berisha tha se, faktet dhe dokumentet e fars\u00ebs elektorale do i \u00e7ojm\u00eb n\u00eb kancelarit\u00eb Evropiane dhe Senatin dhe Kongresin e SHBA.<\/p>\n<p><strong>\u201c<\/strong>M\u00eb shum\u00eb se kurr\u00eb kemi fakte dhe dokumente, m\u00eb shum\u00eb se kurr\u00eb. Por fakti \u00ebsht\u00eb se v\u00ebzhguesit nd\u00ebrkomb\u00ebtar t\u00eb OSBE-ODIHR p\u00ebr \u00e7ka un\u00eb p\u00ebrg\u00ebzoj misionin e ambasadorit Zannieri, i cili n\u00eb kushte jo t\u00eb lehta, arriti n\u00eb nj\u00eb vler\u00ebsim paraprak, n\u00eb t\u00ebr\u00ebsi do t\u00eb thosha, real.<\/p>\n<p>Por natyrisht me ODIHR dhe OSBE, sikund\u00ebr me t\u00eb gjitha kancelarit\u00eb evropiane, me senatin, kongresin dhe administrat\u00ebn e SHBA, ne n\u00eb mbrojtje t\u00eb vot\u00ebs s\u00eb qytetar\u00ebve shqiptar\u00eb, do t\u00eb kemi paraqitje dhe shk\u00ebmbime intensive mendimesh, dokumentesh dhe faktesh t\u00eb pakund\u00ebrshtueshme.<\/p>\n<p>Narkoregjimi i Tiran\u00ebs nuk mundet kurr\u00eb t\u00eb p\u00ebrfitoj\u00eb p\u00ebr koh\u00eb t\u00eb gjat\u00eb nga kjo masak\u00ebr zgjedhore q\u00eb kreu\u201d, tha Berisha.<\/p>\n","protected":false},"excerpt":{"rendered":"<p>Lideri i opozit\u00ebs, Sali Berisha tha se, faktet dhe dokumentet e fars\u00ebs elektorale do i \u00e7ojm\u00eb n\u00eb kancelarit\u00eb Evropiane dhe Senatin dhe Kongresin e SHBA. \u201cM\u00eb shum\u00eb se kurr\u00eb kemi fakte dhe dokumente, m\u00eb shum\u00eb se kurr\u00eb. Por fakti \u00ebsht\u00eb se v\u00ebzhguesit nd\u00ebrkomb\u00ebtar t\u00eb OSBE-ODIHR p\u00ebr \u00e7ka un\u00eb p\u00ebrg\u00ebzoj misionin e ambasadorit Zannieri, i cili &hellip;<\/p>\n","protected":false},"author":4,"featured_media":113949,"comment_status":"closed","ping_status":"closed","sticky":false,"template":"","format":"standard","meta":{"footnotes":""},"categories":[37],"tags":[],"class_list":["post-113948","post","type-post","status-publish","format-standard","has-post-thumbnail","","category-politike"],"_links":{"self":[{"href":"https:\/\/rdnews.al\/index.php\/wp-json\/wp\/v2\/posts\/113948","targetHints":{"allow":["GET"]}}],"collection":[{"href":"https:\/\/rdnews.al\/index.php\/wp-json\/wp\/v2\/posts"}],"about":[{"href":"https:\/\/rdnews.al\/index.php\/wp-json\/wp\/v2\/types\/post"}],"author":[{"embeddable":true,"href":"https:\/\/rdnews.al\/index.php\/wp-json\/wp\/v2\/users\/4"}],"replies":[{"embeddable":true,"href":"https:\/\/rdnews.al\/index.php\/wp-json\/wp\/v2\/comments?post=113948"}],"version-history":[{"count":1,"href":"https:\/\/rdnews.al\/index.php\/wp-json\/wp\/v2\/posts\/113948\/revisions"}],"predecessor-version":[{"id":113950,"href":"https:\/\/rdnews.al\/index.php\/wp-json\/wp\/v2\/posts\/113948\/revisions\/113950"}],"wp:featuredmedia":[{"embeddable":true,"href":"https:\/\/rdnews.al\/index.php\/wp-json\/wp\/v2\/media\/113949"}],"wp:attachment":[{"href":"https:\/\/rdnews.al\/index.php\/wp-json\/wp\/v2\/media?parent=113948"}],"wp:term":[{"taxonomy":"category","embeddable":true,"href":"https:\/\/rdnews.al\/index.php\/wp-json\/wp\/v2\/categories?post=113948"},{"taxonomy":"post_tag","embeddable":true,"href":"https:\/\/rdnews.al\/index.php\/wp-json\/wp\/v2\/tags?post=113948"}],"curies":[{"name":"wp","href":"https:\/\/api.w.org\/{rel}","templated":true}]}}