{"id":114006,"date":"2025-05-15T09:19:51","date_gmt":"2025-05-15T09:19:51","guid":{"rendered":"https:\/\/rdnews.al\/?p=114006"},"modified":"2025-05-15T09:19:51","modified_gmt":"2025-05-15T09:19:51","slug":"mos-me-luaj-me-dy-porta-rama-i-con-spak-un-kryebashkiakut-te-vaut-te-dejes","status":"publish","type":"post","link":"https:\/\/rdnews.al\/index.php\/2025\/05\/15\/mos-me-luaj-me-dy-porta-rama-i-con-spak-un-kryebashkiakut-te-vaut-te-dejes\/","title":{"rendered":"\u201cMos m\u00eb luaj me dy porta\u201d\/ Rama i \u00e7on SPAK-un kryebashkiakut t\u00eb Vaut t\u00eb Dej\u00ebs"},"content":{"rendered":"<p>Shtat\u00eb dit\u00eb para zgjedhjeve kryeministri Edi Rama iu drejtua kryebashkiakut Vau Dej\u00ebsit, Kristian Shkreli me fjal\u00ebt:\u00a0Kristian mos m\u00eb luaj me dy porta Kristian! Mos m\u00eb luaj me dy porta!<\/p>\n<p>Sot m\u00ebsohet se SPAK ka sekuestruar\u00a0telefonin e kryebashkiakut Vau Dej\u00ebsit, Kristian Shkreli.<\/p>\n<p>Prov\u00eb se SPAK nuk ka nd\u00ebrmend t\u00eb merret me krimet zgjedhore, bat\u00ebrdin\u00eb q\u00eb b\u00ebri Edi Rama p\u00ebr t\u00eb marr\u00eb mandatin e kat\u00ebrt m\u00eb 11 maj, por t\u2019i sulet \u00e7dokujt q\u00eb ka prekur interesin e kryeministrit.<\/p>\n<p>Gazetarja Anila Hoxha zbardhi detaje t\u00eb reja nga aksioni i SPAK dhe BKH n\u00eb Shkod\u00ebr ku u shoq\u00ebruan disa persona p\u00ebr krime zgjedhore.<\/p>\n<p>Personat e shoq\u00ebruar jan\u00eb mb\u00ebshtet\u00ebs t\u00eb Partis\u00eb Socialdemokrate dhe nd\u00ebr t\u00eb tjera \u00ebsht\u00eb sekuestruar edhe telefonin e kryebashkiakut Vau Dej\u00ebsit, Kristian Shkreli.<\/p>\n<p>Kristian Shkreli, kryebashkiak i Vau Dej\u00ebsit i fitoi zgjedhjet 2 vite m\u00eb par\u00eb si kandidat i Partis\u00eb Socialiste.<\/p>\n<p>BKH e policia kryen kontrolle n\u00eb disa banesa, zyra e automjete i p\u00ebrkisnin an\u00ebtar\u00eb t\u00eb shtabit t\u00eb PSD.<\/p>\n","protected":false},"excerpt":{"rendered":"<p>Shtat\u00eb dit\u00eb para zgjedhjeve kryeministri Edi Rama iu drejtua kryebashkiakut Vau Dej\u00ebsit, Kristian Shkreli me fjal\u00ebt:\u00a0Kristian mos m\u00eb luaj me dy porta Kristian! Mos m\u00eb luaj me dy porta! Sot m\u00ebsohet se SPAK ka sekuestruar\u00a0telefonin e kryebashkiakut Vau Dej\u00ebsit, Kristian Shkreli. Prov\u00eb se SPAK nuk ka nd\u00ebrmend t\u00eb merret me krimet zgjedhore, bat\u00ebrdin\u00eb q\u00eb b\u00ebri &hellip;<\/p>\n","protected":false},"author":4,"featured_media":114007,"comment_status":"closed","ping_status":"closed","sticky":false,"template":"","format":"standard","meta":{"footnotes":""},"categories":[37],"tags":[],"class_list":["post-114006","post","type-post","status-publish","format-standard","has-post-thumbnail","","category-politike"],"_links":{"self":[{"href":"https:\/\/rdnews.al\/index.php\/wp-json\/wp\/v2\/posts\/114006","targetHints":{"allow":["GET"]}}],"collection":[{"href":"https:\/\/rdnews.al\/index.php\/wp-json\/wp\/v2\/posts"}],"about":[{"href":"https:\/\/rdnews.al\/index.php\/wp-json\/wp\/v2\/types\/post"}],"author":[{"embeddable":true,"href":"https:\/\/rdnews.al\/index.php\/wp-json\/wp\/v2\/users\/4"}],"replies":[{"embeddable":true,"href":"https:\/\/rdnews.al\/index.php\/wp-json\/wp\/v2\/comments?post=114006"}],"version-history":[{"count":1,"href":"https:\/\/rdnews.al\/index.php\/wp-json\/wp\/v2\/posts\/114006\/revisions"}],"predecessor-version":[{"id":114008,"href":"https:\/\/rdnews.al\/index.php\/wp-json\/wp\/v2\/posts\/114006\/revisions\/114008"}],"wp:featuredmedia":[{"embeddable":true,"href":"https:\/\/rdnews.al\/index.php\/wp-json\/wp\/v2\/media\/114007"}],"wp:attachment":[{"href":"https:\/\/rdnews.al\/index.php\/wp-json\/wp\/v2\/media?parent=114006"}],"wp:term":[{"taxonomy":"category","embeddable":true,"href":"https:\/\/rdnews.al\/index.php\/wp-json\/wp\/v2\/categories?post=114006"},{"taxonomy":"post_tag","embeddable":true,"href":"https:\/\/rdnews.al\/index.php\/wp-json\/wp\/v2\/tags?post=114006"}],"curies":[{"name":"wp","href":"https:\/\/api.w.org\/{rel}","templated":true}]}}