{"id":114041,"date":"2025-05-15T16:40:39","date_gmt":"2025-05-15T16:40:39","guid":{"rendered":"https:\/\/rdnews.al\/?p=114041"},"modified":"2025-05-15T16:40:39","modified_gmt":"2025-05-15T16:40:39","slug":"deklarata-rama-rikthen-skemen-e-ruandes-ne-ballkan-po-zevendeson-shqiptaret-me-emigrante","status":"publish","type":"post","link":"https:\/\/rdnews.al\/index.php\/2025\/05\/15\/deklarata-rama-rikthen-skemen-e-ruandes-ne-ballkan-po-zevendeson-shqiptaret-me-emigrante\/","title":{"rendered":"Deklarata: Rama rikthen skem\u00ebn e Ruand\u00ebs n\u00eb Ballkan, po z\u00ebvend\u00ebson shqiptar\u00ebt me emigrant\u00eb"},"content":{"rendered":"<p>P\u00ebrfaq\u00ebsuesi i Diaspor\u00ebs i PD, Daniel Nikolla, i ftuar n\u00eb emisionin Task Force n\u00eb Syri TV me moderatoren Sonila Me\u00e7o, theksoi se qeveria Rama po vepron n\u00eb m\u00ebnyr\u00eb t\u00eb fsheht\u00eb dhe t\u00eb pap\u00ebrgjegjshme lidhur me marr\u00ebveshjet p\u00ebr strehimin e emigrant\u00ebve nga Britania.<\/p>\n<p>Ai u shpreh se kryeministri, dikur kund\u00ebrshtar i ashp\u00ebr i skem\u00ebs s\u00eb Ruand\u00ebs, tashm\u00eb po e rikthen t\u00eb nj\u00ebjt\u00ebn ide n\u00eb nj\u00eb form\u00eb tjet\u00ebr, duke vendosur Shqip\u00ebrin\u00eb n\u00eb sh\u00ebrbim t\u00eb axhendave t\u00eb huaja, pa transparenc\u00eb dhe pa konsultim me qytetar\u00ebt.<\/p>\n<p>\u201cDiskutohet se i nj\u00ebjti kryeminist\u00ebr, i cili dikur ishte nj\u00eb nga z\u00ebrat m\u00eb t\u00eb fuqish\u00ebm kund\u00ebr skem\u00ebs s\u00eb Ruand\u00ebs, tashm\u00eb i \u00ebsht\u00eb rikthyer t\u00eb nj\u00ebjt\u00ebs ide, por n\u00eb nj\u00eb form\u00eb disi t\u00eb ndryshme. Nuk b\u00ebhet fjal\u00eb m\u00eb p\u00ebr d\u00ebrgimin e emigrant\u00ebve n\u00eb Ruand\u00eb, por p\u00ebr d\u00ebrgimin e tyre n\u00eb vende t\u00eb tjera, si Shqip\u00ebria apo vendet e Ballkanit.<\/p>\n<p>Deklaratat mohuese t\u00eb kryeministrit ton\u00eb kan\u00eb qen\u00eb gjithmon\u00eb n\u00eb koh\u00ebn e shkuar; ai ka th\u00ebn\u00eb: &#8220;Nuk e kam pranuar&#8221;, por nuk ka th\u00ebn\u00eb se &#8220;nuk do ta pranoj tani&#8221; apo &#8220;n\u00eb t\u00eb ardhmen&#8221;. Nga fjala e tij mund t\u00eb kuptohet se kjo \u00ebsht\u00eb di\u00e7ka q\u00eb, tashm\u00eb q\u00eb e kemi votuar, do t\u00eb duhet ta p\u00ebrballojm\u00eb n\u00eb vitet e ardhshme. Besoj se \u00ebsht\u00eb pjes\u00eb e nj\u00eb plani m\u00eb t\u00eb gjer\u00eb q\u00eb ka nisur n\u00eb shtete t\u00eb tjera dhe q\u00eb pritet t\u00eb zgjerohet m\u00eb tej.<\/p>\n<p>Kemi nj\u00eb problem serioz me emigracionin ilegal, por nga sa kuptohet, kryeministri Rama dhe qeveria jon\u00eb socialiste jan\u00eb shum\u00eb t\u00eb gatsh\u00ebm t\u00eb pranojn\u00eb k\u00ebta njer\u00ebz n\u00eb Shqip\u00ebri, duke rrezikuar k\u00ebshtu q\u00eb t\u00eb z\u00ebvend\u00ebsojn\u00eb shqiptar\u00ebt q\u00eb jetojn\u00eb jasht\u00eb vendit me emigrant\u00eb t\u00eb ardhur nga jasht\u00eb.<\/p>\n<p>Nga ana tjet\u00ebr, Keir Starmer ka theksuar se bashk\u00ebpunimi Britani\u2013Shqip\u00ebri do t\u00eb vazhdoj\u00eb edhe m\u00eb tej. Megjithat\u00eb, lider\u00eb t\u00eb komuniteteve shqiptare n\u00eb Britanin\u00eb e Madhe jan\u00eb shprehur kund\u00ebr marr\u00ebveshjeve t\u00eb kryeministrit Rama, t\u00eb cilat i konsiderojn\u00eb krejt\u00ebsisht jo transparente. Jo vet\u00ebm q\u00eb nuk dihet sakt\u00ebsisht se \u00e7far\u00eb \u00ebsht\u00eb synuar dhe \u00e7far\u00eb \u00ebsht\u00eb arritur, por gjithashtu duket se procesi do t\u00eb shkoj\u00eb m\u00eb tej, pa asnj\u00eb qart\u00ebsi p\u00ebr publikun\u201d, tha Nikolla.<\/p>\n","protected":false},"excerpt":{"rendered":"<p>P\u00ebrfaq\u00ebsuesi i Diaspor\u00ebs i PD, Daniel Nikolla, i ftuar n\u00eb emisionin Task Force n\u00eb Syri TV me moderatoren Sonila Me\u00e7o, theksoi se qeveria Rama po vepron n\u00eb m\u00ebnyr\u00eb t\u00eb fsheht\u00eb dhe t\u00eb pap\u00ebrgjegjshme lidhur me marr\u00ebveshjet p\u00ebr strehimin e emigrant\u00ebve nga Britania. Ai u shpreh se kryeministri, dikur kund\u00ebrshtar i ashp\u00ebr i skem\u00ebs s\u00eb Ruand\u00ebs, &hellip;<\/p>\n","protected":false},"author":4,"featured_media":107092,"comment_status":"closed","ping_status":"closed","sticky":false,"template":"","format":"standard","meta":{"footnotes":""},"categories":[37],"tags":[],"class_list":["post-114041","post","type-post","status-publish","format-standard","has-post-thumbnail","","category-politike"],"_links":{"self":[{"href":"https:\/\/rdnews.al\/index.php\/wp-json\/wp\/v2\/posts\/114041","targetHints":{"allow":["GET"]}}],"collection":[{"href":"https:\/\/rdnews.al\/index.php\/wp-json\/wp\/v2\/posts"}],"about":[{"href":"https:\/\/rdnews.al\/index.php\/wp-json\/wp\/v2\/types\/post"}],"author":[{"embeddable":true,"href":"https:\/\/rdnews.al\/index.php\/wp-json\/wp\/v2\/users\/4"}],"replies":[{"embeddable":true,"href":"https:\/\/rdnews.al\/index.php\/wp-json\/wp\/v2\/comments?post=114041"}],"version-history":[{"count":1,"href":"https:\/\/rdnews.al\/index.php\/wp-json\/wp\/v2\/posts\/114041\/revisions"}],"predecessor-version":[{"id":114042,"href":"https:\/\/rdnews.al\/index.php\/wp-json\/wp\/v2\/posts\/114041\/revisions\/114042"}],"wp:featuredmedia":[{"embeddable":true,"href":"https:\/\/rdnews.al\/index.php\/wp-json\/wp\/v2\/media\/107092"}],"wp:attachment":[{"href":"https:\/\/rdnews.al\/index.php\/wp-json\/wp\/v2\/media?parent=114041"}],"wp:term":[{"taxonomy":"category","embeddable":true,"href":"https:\/\/rdnews.al\/index.php\/wp-json\/wp\/v2\/categories?post=114041"},{"taxonomy":"post_tag","embeddable":true,"href":"https:\/\/rdnews.al\/index.php\/wp-json\/wp\/v2\/tags?post=114041"}],"curies":[{"name":"wp","href":"https:\/\/api.w.org\/{rel}","templated":true}]}}