{"id":114064,"date":"2025-05-15T20:42:20","date_gmt":"2025-05-15T20:42:20","guid":{"rendered":"https:\/\/rdnews.al\/?p=114064"},"modified":"2025-05-15T20:45:00","modified_gmt":"2025-05-15T20:45:00","slug":"vucic-ne-tirane-per-te-uruar-ramen-per-masakren-elektorale","status":"publish","type":"post","link":"https:\/\/rdnews.al\/index.php\/2025\/05\/15\/vucic-ne-tirane-per-te-uruar-ramen-per-masakren-elektorale\/","title":{"rendered":"Vu\u00e7i\u00e7 n\u00eb Tiran\u00eb p\u00ebr t\u00eb uruar Ram\u00ebn p\u00ebr masakr\u00ebn elektorale"},"content":{"rendered":"<p>Presidenti serb, Vu\u00e7i\u00e7 ka shpejtuar t\u00eb vij\u00eb n\u00eb Tiran\u00eb p\u00ebr t\u00eb uruar Ram\u00ebn p\u00ebr masakr\u00ebn elektorale t\u00eb 11 majit. Presidenti serb, i kontestuar n\u00eb Serbi nga opozita ka mb\u00ebrritur n\u00eb Tiran\u00eb p\u00ebr Samitin rajonal me vendet e BE, por ftesa t\u00eb tilla ai i ka refuzuar m\u00eb par\u00eb kur pjesmarr\u00ebse ka qen\u00eb edhe Kosova. K\u00ebsaj rradhe, Vucic nuk ka refuzuar sepse v\u00ebllai i tij shpreson t\u00eb marr\u00eb nj\u00eb mandat t\u00eb ri m\u00eb manipulimin e zgjedhjeve.<\/p>\n","protected":false},"excerpt":{"rendered":"<p>Presidenti serb, Vu\u00e7i\u00e7 ka shpejtuar t\u00eb vij\u00eb n\u00eb Tiran\u00eb p\u00ebr t\u00eb uruar Ram\u00ebn p\u00ebr masakr\u00ebn elektorale t\u00eb 11 majit. Presidenti serb, i kontestuar n\u00eb Serbi nga opozita ka mb\u00ebrritur n\u00eb Tiran\u00eb p\u00ebr Samitin rajonal me vendet e BE, por ftesa t\u00eb tilla ai i ka refuzuar m\u00eb par\u00eb kur pjesmarr\u00ebse ka qen\u00eb edhe Kosova. K\u00ebsaj &hellip;<\/p>\n","protected":false},"author":3,"featured_media":114065,"comment_status":"closed","ping_status":"closed","sticky":false,"template":"","format":"standard","meta":{"footnotes":""},"categories":[37],"tags":[],"class_list":["post-114064","post","type-post","status-publish","format-standard","has-post-thumbnail","","category-politike"],"_links":{"self":[{"href":"https:\/\/rdnews.al\/index.php\/wp-json\/wp\/v2\/posts\/114064","targetHints":{"allow":["GET"]}}],"collection":[{"href":"https:\/\/rdnews.al\/index.php\/wp-json\/wp\/v2\/posts"}],"about":[{"href":"https:\/\/rdnews.al\/index.php\/wp-json\/wp\/v2\/types\/post"}],"author":[{"embeddable":true,"href":"https:\/\/rdnews.al\/index.php\/wp-json\/wp\/v2\/users\/3"}],"replies":[{"embeddable":true,"href":"https:\/\/rdnews.al\/index.php\/wp-json\/wp\/v2\/comments?post=114064"}],"version-history":[{"count":1,"href":"https:\/\/rdnews.al\/index.php\/wp-json\/wp\/v2\/posts\/114064\/revisions"}],"predecessor-version":[{"id":114066,"href":"https:\/\/rdnews.al\/index.php\/wp-json\/wp\/v2\/posts\/114064\/revisions\/114066"}],"wp:featuredmedia":[{"embeddable":true,"href":"https:\/\/rdnews.al\/index.php\/wp-json\/wp\/v2\/media\/114065"}],"wp:attachment":[{"href":"https:\/\/rdnews.al\/index.php\/wp-json\/wp\/v2\/media?parent=114064"}],"wp:term":[{"taxonomy":"category","embeddable":true,"href":"https:\/\/rdnews.al\/index.php\/wp-json\/wp\/v2\/categories?post=114064"},{"taxonomy":"post_tag","embeddable":true,"href":"https:\/\/rdnews.al\/index.php\/wp-json\/wp\/v2\/tags?post=114064"}],"curies":[{"name":"wp","href":"https:\/\/api.w.org\/{rel}","templated":true}]}}