{"id":114093,"date":"2025-05-16T09:22:37","date_gmt":"2025-05-16T09:22:37","guid":{"rendered":"https:\/\/rdnews.al\/?p=114093"},"modified":"2025-05-16T09:22:37","modified_gmt":"2025-05-16T09:22:37","slug":"vjosa-osmani-mesazh-be-se-po-i-hapni-deren-atyre-qe-shkojne-te-putini-dhe-bllokoni-kosoven","status":"publish","type":"post","link":"https:\/\/rdnews.al\/index.php\/2025\/05\/16\/vjosa-osmani-mesazh-be-se-po-i-hapni-deren-atyre-qe-shkojne-te-putini-dhe-bllokoni-kosoven\/","title":{"rendered":"Vjosa Osmani mesazh BE-s\u00eb: Po i hapni der\u00ebn atyre q\u00eb shkojn\u00eb te Putini dhe bllokoni Kosov\u00ebn!"},"content":{"rendered":"<p>Presidentja e Kosov\u00ebs, Vjosa Osmani, ka l\u00ebshuar deklarata t\u00eb forta nga Tirana ndaj Bashkimit Europian, ku ndodhet p\u00ebr t\u00eb marr\u00eb pjes\u00eb n\u00eb Samitin e Komunitetit Politik Europian.<\/p>\n<p>Osmani tha se BE-ja po l\u00ebshon mesazhe t\u00eb k\u00ebqija p\u00ebr rajonin ton\u00eb, duke th\u00ebn\u00eb se po iu hapet dera atyre q\u00eb shkojn\u00eb n\u00eb Mosk\u00eb te Putini dhe bllokohet Kosova. Sipas Osmanit, m\u00eb me r\u00ebnd\u00ebsi se bisedimet me Serbin\u00eb jan\u00eb me r\u00ebnd\u00ebsi bisedimet me BE-n\u00eb, t\u00eb cilat po pengohen sipas saj nga disa vende an\u00ebtare.<\/p>\n<p>\u201cKa nj\u00eb bllokad\u00eb totale nga ana e BE-s\u00eb, nuk vler\u00ebsohet puna jon\u00eb, nuk vler\u00ebsohen reformat e nd\u00ebrmarra, nuk vler\u00ebsohet fakti q\u00eb ne jemi 100% n\u00eb p\u00ebrputhje me politikat e tyre sa i p\u00ebrket sanksioneve ndaj Rusis\u00eb, por edhe politikave t\u00eb tjera. P\u00ebr fat t\u00eb keq po jepet nj\u00eb mesazh shum\u00eb i keq p\u00ebr rajonin ton\u00eb. M\u00eb shum\u00eb po iu hapet dera atyre q\u00eb shkojn\u00eb n\u00eb Mosk\u00eb te Putini, se sa p\u00ebr ne q\u00eb nuk shohim rrug\u00eb dhe alternativ\u00eb tjet\u00ebr ve\u00e7 BE-s\u00eb.\u00a0M\u00eb shum\u00eb kemi k\u00ebrkes\u00eb sesa kemi shpres\u00eb. K\u00ebrkesat tona do t\u00eb jen\u00eb t\u00eb z\u00ebshme.<\/p>\n<p>M\u00eb me r\u00ebnd\u00ebsi se sa bisedimet me Serbin\u00eb jan\u00eb ato nd\u00ebrmjet Kosov\u00ebs dhe BE, si\u00e7 e dini Kosova ka aplikuar p\u00ebr an\u00ebtar\u00ebsim n\u00eb BE para 2 viteve.\u00a0P\u00ebr fat t\u00eb keq ende nuk \u00ebsht\u00eb shqyrtuar p\u00ebr shkak t\u00eb disa komplikimeve t\u00eb panevojshme politike q\u00eb krijohen nga disa shtete an\u00ebtare.\u00a0Ka ardhur koha q\u00eb p\u00ebrtej fjal\u00ebve t\u00eb bukura q\u00eb i jepen shteteve aspiruese p\u00ebr an\u00ebtar\u00ebsim t\u00eb ket\u00eb veprime konkrete\u201d, tha Osmani.<\/p>\n<p>Vjosa Osmani k\u00ebrkoi heqjen e masave ndaj Kosov\u00ebs n\u00eb m\u00ebnyr\u00eb q\u00eb t\u00eb ulen n\u00eb tryez\u00ebn e bisedimeve si t\u00eb barabart\u00eb.<\/p>\n<p>\u201cKam nj\u00eb shpres\u00eb q\u00eb do t\u00eb ket\u00eb nj\u00eb lloj balance, sepse Kosova \u00ebsht\u00eb n\u00ebn masa dhe Serbia nuk \u00ebsht\u00eb. Kam k\u00ebrkuar q\u00eb t\u00eb hiqen masat dhe se Kosova \u00ebsht\u00eb gjithmon\u00eb konstruktive p\u00ebr t\u00eb marr\u00eb pjes\u00eb n\u00eb k\u00ebt\u00eb proces\u201d,\u00a0shtoi ajo.<\/p>\n","protected":false},"excerpt":{"rendered":"<p>Presidentja e Kosov\u00ebs, Vjosa Osmani, ka l\u00ebshuar deklarata t\u00eb forta nga Tirana ndaj Bashkimit Europian, ku ndodhet p\u00ebr t\u00eb marr\u00eb pjes\u00eb n\u00eb Samitin e Komunitetit Politik Europian. Osmani tha se BE-ja po l\u00ebshon mesazhe t\u00eb k\u00ebqija p\u00ebr rajonin ton\u00eb, duke th\u00ebn\u00eb se po iu hapet dera atyre q\u00eb shkojn\u00eb n\u00eb Mosk\u00eb te Putini dhe bllokohet &hellip;<\/p>\n","protected":false},"author":4,"featured_media":114094,"comment_status":"closed","ping_status":"closed","sticky":false,"template":"","format":"standard","meta":{"footnotes":""},"categories":[37],"tags":[],"class_list":["post-114093","post","type-post","status-publish","format-standard","has-post-thumbnail","","category-politike"],"_links":{"self":[{"href":"https:\/\/rdnews.al\/index.php\/wp-json\/wp\/v2\/posts\/114093","targetHints":{"allow":["GET"]}}],"collection":[{"href":"https:\/\/rdnews.al\/index.php\/wp-json\/wp\/v2\/posts"}],"about":[{"href":"https:\/\/rdnews.al\/index.php\/wp-json\/wp\/v2\/types\/post"}],"author":[{"embeddable":true,"href":"https:\/\/rdnews.al\/index.php\/wp-json\/wp\/v2\/users\/4"}],"replies":[{"embeddable":true,"href":"https:\/\/rdnews.al\/index.php\/wp-json\/wp\/v2\/comments?post=114093"}],"version-history":[{"count":1,"href":"https:\/\/rdnews.al\/index.php\/wp-json\/wp\/v2\/posts\/114093\/revisions"}],"predecessor-version":[{"id":114095,"href":"https:\/\/rdnews.al\/index.php\/wp-json\/wp\/v2\/posts\/114093\/revisions\/114095"}],"wp:featuredmedia":[{"embeddable":true,"href":"https:\/\/rdnews.al\/index.php\/wp-json\/wp\/v2\/media\/114094"}],"wp:attachment":[{"href":"https:\/\/rdnews.al\/index.php\/wp-json\/wp\/v2\/media?parent=114093"}],"wp:term":[{"taxonomy":"category","embeddable":true,"href":"https:\/\/rdnews.al\/index.php\/wp-json\/wp\/v2\/categories?post=114093"},{"taxonomy":"post_tag","embeddable":true,"href":"https:\/\/rdnews.al\/index.php\/wp-json\/wp\/v2\/tags?post=114093"}],"curies":[{"name":"wp","href":"https:\/\/api.w.org\/{rel}","templated":true}]}}