{"id":114128,"date":"2025-05-16T11:57:33","date_gmt":"2025-05-16T11:57:33","guid":{"rendered":"https:\/\/rdnews.al\/?p=114128"},"modified":"2025-05-16T11:57:33","modified_gmt":"2025-05-16T11:57:33","slug":"vangjeli-blerje-masive-votash-me-miliona-euro-taksa-te-shqiptareve-rama-e-ktheu-qeverine-ne-agjenci-elektorale-nje-pyetje-per-kryeministrat-ne-samit","status":"publish","type":"post","link":"https:\/\/rdnews.al\/index.php\/2025\/05\/16\/vangjeli-blerje-masive-votash-me-miliona-euro-taksa-te-shqiptareve-rama-e-ktheu-qeverine-ne-agjenci-elektorale-nje-pyetje-per-kryeministrat-ne-samit\/","title":{"rendered":"Vangjeli: Blerje masive votash me miliona euro taksa t\u00eb shqiptar\u00ebve! Rama e ktheu qeverin\u00eb n\u00eb agjenci elektorale, nj\u00eb pyetje p\u00ebr kryeministrat n\u00eb Samit"},"content":{"rendered":"<p><strong>Deklarata e z\u00ebdh\u00ebn\u00ebses s\u00eb antikorrupsionti n\u00eb PD, Genta Vangjeli:<\/strong><\/p>\n<p>Q\u00eb Edi Rama nuk pyet p\u00ebr ligjin p\u00ebrkundrazi e shkel at\u00eb sa her\u00eb q\u00eb i nevojitet p\u00ebr t\u00eb arritur q\u00ebllimet e tij kjo nuk ka asnj\u00eb dyshim\u2026.<\/p>\n<p>Q\u00ebllimi i radh\u00ebs ishte blerja votave n\u00ebp\u00ebrmjet investimeve apo p\u00ebrdorimit t\u00eb burimeve shtet\u00ebrore.<\/p>\n<p>Le t\u00eb b\u00ebjm\u00eb nj\u00eb p\u00ebrllogaritje t\u00eb k\u00ebsaj \u2026 4 muaj p\u00ebrpara dat\u00ebs s\u00eb zgjedhjeve<\/p>\n<p>Sipas Open Procurement investime gjat\u00eb k\u00ebsaj periudhe t\u00eb ndaluar n\u00eb rang vendi n\u00ebp\u00ebrmjet zhvillimit t\u00eb procedurave t\u00eb prokurimit p\u00ebr pun\u00eb publike kapin vler\u00ebn 33.3 mil euro.<\/p>\n<p><a href=\"https:\/\/openprocurement.al\/sq\/tender\/list\/cat_id\/3\/from_announcement_date\/2025-01-11\/to_announcement_date\/2025-05-11?\" target=\"_blank\" rel=\"noopener\">https:\/\/openprocurement.al\/sq\/tender\/list\/cat_id\/3\/from_announcement_date\/2025-01-11\/to_announcement_date\/2025-05-11?<\/a><\/p>\n<p><a href=\"https:\/\/openprocurement.al\/sq\/albaniandf\/view\/id\/950\" target=\"_blank\" rel=\"noopener\">https:\/\/openprocurement.al\/sq\/albaniandf\/view\/id\/950<\/a><\/p>\n<p><a href=\"https:\/\/openprocurement.al\/sq\/albaniandf\/view\/id\/943\" target=\"_blank\" rel=\"noopener\">https:\/\/openprocurement.al\/sq\/albaniandf\/view\/id\/943<\/a><\/p>\n<p><a href=\"https:\/\/openprocurement.al\/sq\/agency\/list\/cat_id\/3\/from_announcement_date\/2025-01-11\/to_announcement_date\/2025-05-11?\" target=\"_blank\" rel=\"noopener\">https:\/\/openprocurement.al\/sq\/agency\/list\/cat_id\/3\/from_announcement_date\/2025-01-11\/to_announcement_date\/2025-05-11?<\/a><\/p>\n<figure class=\"wp-block-image size-large\"><img loading=\"lazy\" decoding=\"async\" class=\"wp-image-21660\" src=\"https:\/\/pd.al\/wp-content\/uploads\/2025\/05\/1-1024x648.png\" sizes=\"auto, (max-width: 1024px) 100vw, 1024px\" srcset=\"https:\/\/pd.al\/wp-content\/uploads\/2025\/05\/1-1024x648.png 1024w, https:\/\/pd.al\/wp-content\/uploads\/2025\/05\/1-300x190.png 300w, https:\/\/pd.al\/wp-content\/uploads\/2025\/05\/1-768x486.png 768w, https:\/\/pd.al\/wp-content\/uploads\/2025\/05\/1.png 1158w\" alt=\"\" width=\"1024\" height=\"648\" \/><\/figure>\n<figure class=\"wp-block-image size-large\"><img loading=\"lazy\" decoding=\"async\" class=\"wp-image-21661\" src=\"https:\/\/pd.al\/wp-content\/uploads\/2025\/05\/1.1-1024x461.png\" sizes=\"auto, (max-width: 1024px) 100vw, 1024px\" srcset=\"https:\/\/pd.al\/wp-content\/uploads\/2025\/05\/1.1-1024x461.png 1024w, https:\/\/pd.al\/wp-content\/uploads\/2025\/05\/1.1-300x135.png 300w, https:\/\/pd.al\/wp-content\/uploads\/2025\/05\/1.1-768x345.png 768w, https:\/\/pd.al\/wp-content\/uploads\/2025\/05\/1.1.png 1483w\" alt=\"\" width=\"1024\" height=\"461\" \/><\/figure>\n<figure class=\"wp-block-image size-full\"><img loading=\"lazy\" decoding=\"async\" class=\"wp-image-21662\" src=\"https:\/\/pd.al\/wp-content\/uploads\/2025\/05\/1.2.png\" sizes=\"auto, (max-width: 1024px) 100vw, 1024px\" srcset=\"https:\/\/pd.al\/wp-content\/uploads\/2025\/05\/1.2.png 1024w, https:\/\/pd.al\/wp-content\/uploads\/2025\/05\/1.2-300x221.png 300w, https:\/\/pd.al\/wp-content\/uploads\/2025\/05\/1.2-768x567.png 768w\" alt=\"\" width=\"1024\" height=\"756\" \/><\/figure>\n<p><strong>Pun\u00ebsime<\/strong><\/p>\n<p>75 vende pune me an\u00eb t\u00eb VKM nr. 110 dt 19 shkurt 2025 p\u00ebr hapjen e procedur\u00ebs s\u00eb pranimit n\u00eb kategorin\u00eb e ul\u00ebt dhe t\u00eb mesme drejtuese edhe p\u00ebr kandidat\u00eb t\u00eb tjer\u00eb jasht\u00eb sh\u00ebrbimit civil p\u00ebr vitin 2025.<\/p>\n<figure class=\"wp-block-image size-full\"><img loading=\"lazy\" decoding=\"async\" class=\"wp-image-21663\" src=\"https:\/\/pd.al\/wp-content\/uploads\/2025\/05\/2.png\" sizes=\"auto, (max-width: 826px) 100vw, 826px\" srcset=\"https:\/\/pd.al\/wp-content\/uploads\/2025\/05\/2.png 826w, https:\/\/pd.al\/wp-content\/uploads\/2025\/05\/2-300x256.png 300w, https:\/\/pd.al\/wp-content\/uploads\/2025\/05\/2-768x656.png 768w\" alt=\"\" width=\"826\" height=\"706\" \/><\/figure>\n<p>2301 vende pune total me an\u00eb t\u00eb VKM nr. 19 dhe VKM 181 dt 20 Mars 2025 p\u00ebr punonj\u00ebsit me kontrat\u00eb t\u00eb p\u00ebrkohshme n\u00eb nj\u00ebsit\u00eb e qeverisjes qendrore.<\/p>\n<figure class=\"wp-block-image size-large\"><img loading=\"lazy\" decoding=\"async\" class=\"wp-image-21664\" src=\"https:\/\/pd.al\/wp-content\/uploads\/2025\/05\/3-1024x595.png\" sizes=\"auto, (max-width: 1024px) 100vw, 1024px\" srcset=\"https:\/\/pd.al\/wp-content\/uploads\/2025\/05\/3-1024x595.png 1024w, https:\/\/pd.al\/wp-content\/uploads\/2025\/05\/3-300x174.png 300w, https:\/\/pd.al\/wp-content\/uploads\/2025\/05\/3-768x447.png 768w, https:\/\/pd.al\/wp-content\/uploads\/2025\/05\/3-1536x893.png 1536w, https:\/\/pd.al\/wp-content\/uploads\/2025\/05\/3.png 1558w\" alt=\"\" width=\"1024\" height=\"595\" \/><\/figure>\n<figure class=\"wp-block-image size-large\"><img loading=\"lazy\" decoding=\"async\" class=\"wp-image-21665\" src=\"https:\/\/pd.al\/wp-content\/uploads\/2025\/05\/4-1024x624.png\" sizes=\"auto, (max-width: 1543px) 100vw, 1543px\" srcset=\"https:\/\/pd.al\/wp-content\/uploads\/2025\/05\/4-1024x624.png 1024w, https:\/\/pd.al\/wp-content\/uploads\/2025\/05\/4-300x183.png 300w, https:\/\/pd.al\/wp-content\/uploads\/2025\/05\/4-768x468.png 768w, https:\/\/pd.al\/wp-content\/uploads\/2025\/05\/4-1536x936.png 1536w, https:\/\/pd.al\/wp-content\/uploads\/2025\/05\/4.png 1543w\" alt=\"\" width=\"1543\" height=\"940\" \/><\/figure>\n<p>Sipas Spending Data shpenzimet p\u00ebr paga gjat\u00eb periudh\u00ebs 11 Janar deri 7 Maj 2025 jan\u00eb 41.7 mil euro ose 7.2 mil euro m\u00eb shum\u00eb se e nj\u00ebjt\u00eb periudh\u00eb gjat\u00eb vitit pararend\u00ebs 2024.<\/p>\n<figure class=\"wp-block-image size-large\"><img loading=\"lazy\" decoding=\"async\" class=\"wp-image-21666\" src=\"https:\/\/pd.al\/wp-content\/uploads\/2025\/05\/5-1024x603.png\" sizes=\"auto, (max-width: 1024px) 100vw, 1024px\" srcset=\"https:\/\/pd.al\/wp-content\/uploads\/2025\/05\/5-1024x603.png 1024w, https:\/\/pd.al\/wp-content\/uploads\/2025\/05\/5-300x177.png 300w, https:\/\/pd.al\/wp-content\/uploads\/2025\/05\/5-768x453.png 768w, https:\/\/pd.al\/wp-content\/uploads\/2025\/05\/5-1536x905.png 1536w, https:\/\/pd.al\/wp-content\/uploads\/2025\/05\/5.png 1578w\" alt=\"\" width=\"1024\" height=\"603\" \/><\/figure>\n<figure class=\"wp-block-image size-large\"><img loading=\"lazy\" decoding=\"async\" class=\"wp-image-21667\" src=\"https:\/\/pd.al\/wp-content\/uploads\/2025\/05\/5.1-1024x597.png\" sizes=\"auto, (max-width: 1024px) 100vw, 1024px\" srcset=\"https:\/\/pd.al\/wp-content\/uploads\/2025\/05\/5.1-1024x597.png 1024w, https:\/\/pd.al\/wp-content\/uploads\/2025\/05\/5.1-300x175.png 300w, https:\/\/pd.al\/wp-content\/uploads\/2025\/05\/5.1-768x447.png 768w, https:\/\/pd.al\/wp-content\/uploads\/2025\/05\/5.1-1536x895.png 1536w, https:\/\/pd.al\/wp-content\/uploads\/2025\/05\/5.1.png 1603w\" alt=\"\" width=\"1024\" height=\"597\" \/><\/figure>\n<p><strong>Pagesat e paaft\u00ebsis\u00eb<\/strong><\/p>\n<p>Sipas Spending Data pagesat e paaft\u00ebsis\u00eb gjat\u00eb periudh\u00ebs 11 Janar deri 7 Maj 2025 jan\u00eb 13.5 mil euro ose 2.2 mil euro m\u00eb shum\u00eb se e nj\u00ebjt\u00eb periudh\u00eb gjat\u00eb vitit pararend\u00ebs 2024.<\/p>\n<figure class=\"wp-block-image size-large\"><img loading=\"lazy\" decoding=\"async\" class=\"wp-image-21668\" src=\"https:\/\/pd.al\/wp-content\/uploads\/2025\/05\/6-1024x668.png\" sizes=\"auto, (max-width: 1024px) 100vw, 1024px\" srcset=\"https:\/\/pd.al\/wp-content\/uploads\/2025\/05\/6-1024x668.png 1024w, https:\/\/pd.al\/wp-content\/uploads\/2025\/05\/6-300x196.png 300w, https:\/\/pd.al\/wp-content\/uploads\/2025\/05\/6-768x501.png 768w, https:\/\/pd.al\/wp-content\/uploads\/2025\/05\/6.png 1177w\" alt=\"\" width=\"1024\" height=\"668\" \/><\/figure>\n<p>Bonusi i pranver\u00ebs 62 mln euro p\u00ebr 730 430 pensionist\u00eb<\/p>\n<figure class=\"wp-block-image size-large\"><img loading=\"lazy\" decoding=\"async\" class=\"wp-image-21669\" src=\"https:\/\/pd.al\/wp-content\/uploads\/2025\/05\/7-1024x637.png\" sizes=\"auto, (max-width: 1598px) 100vw, 1598px\" srcset=\"https:\/\/pd.al\/wp-content\/uploads\/2025\/05\/7-1024x637.png 1024w, https:\/\/pd.al\/wp-content\/uploads\/2025\/05\/7-300x187.png 300w, https:\/\/pd.al\/wp-content\/uploads\/2025\/05\/7-768x478.png 768w, https:\/\/pd.al\/wp-content\/uploads\/2025\/05\/7-1536x955.png 1536w, https:\/\/pd.al\/wp-content\/uploads\/2025\/05\/7.png 1598w\" alt=\"\" width=\"1598\" height=\"994\" \/><\/figure>\n<p><strong>Falja e gjobave<\/strong><\/p>\n<p>Me VKM\u00a0 dt 9 Maj dy dit\u00eb para zgjedhjeve p\u00ebr p\u00ebrcaktimin e procedurave q\u00eb ndiqen p\u00ebr shfuqizimin e masave administrative t\u00eb paekzekutuara nga Janar 2015 deri N\u00ebntor 2024.<\/p>\n<p>Dhe p\u00ebr deri k\u00ebtu fatura e Edi Ram\u00ebs shkon 104.7 mil euro para publike t\u00eb p\u00ebrdorura gjat\u00eb periudh\u00ebs zgjedhore me q\u00ebllim elektoral n\u00ebp\u00ebrmjet prokurimeve, pun\u00ebsimeve, bonuseve, etj<\/p>\n<p>T\u00eb dashur shqiptar\u00eb p\u00ebr ju k\u00ebto sjellje t\u00eb Edi Ram\u00ebs nuk jan\u00eb risi sikurse nuk jan\u00eb risi pagesat e inceneratorit q\u00eb nuk ekziston i cili para kat\u00ebr dit\u00ebve ju mori p\u00ebrs\u00ebri 700 mij\u00eb euro ..<\/p>\n<p>Prandaj duke marr\u00eb t\u00eb mir\u00ebqen\u00eb heshtjen e SPAK, k\u00ebt\u00eb fatur\u00eb po ja nisim Edi Ram\u00ebs direkt n\u00eb samitin q\u00eb po mbahet n\u00eb Tiran\u00ebn ton\u00eb\u2026<\/p>\n<figure class=\"wp-block-image size-full\"><img loading=\"lazy\" decoding=\"async\" class=\"wp-image-21670\" src=\"https:\/\/pd.al\/wp-content\/uploads\/2025\/05\/neni-91.png\" sizes=\"auto, (max-width: 837px) 100vw, 837px\" srcset=\"https:\/\/pd.al\/wp-content\/uploads\/2025\/05\/neni-91.png 837w, https:\/\/pd.al\/wp-content\/uploads\/2025\/05\/neni-91-300x234.png 300w, https:\/\/pd.al\/wp-content\/uploads\/2025\/05\/neni-91-768x600.png 768w\" alt=\"\" width=\"837\" height=\"654\" \/><\/figure>\n<p>Dhe nga foltorja e PD nj\u00eb pyetje shkon p\u00ebr sall\u00ebn e samitit..<\/p>\n<p><strong>T\u00eb nderuar zot\u00ebrinj\u2026..<\/strong><\/p>\n<p><em>A ka nd\u00ebr ju ndonj\u00eb Kryeminist\u00ebr a p\u00ebrfaq\u00ebsues shtetit q\u00eb b\u00ebn t\u00eb nj\u00ebjt\u00ebn sjellje si Edi Rama kundrejt ligjit e kundrejt popullit t\u00eb tij vet\u00ebm e vet\u00ebm p\u00ebr t\u00eb mbajtur me \u00e7do kusht pushtetin\u2026<\/em><\/p>\n","protected":false},"excerpt":{"rendered":"<p>Deklarata e z\u00ebdh\u00ebn\u00ebses s\u00eb antikorrupsionti n\u00eb PD, Genta Vangjeli: Q\u00eb Edi Rama nuk pyet p\u00ebr ligjin p\u00ebrkundrazi e shkel at\u00eb sa her\u00eb q\u00eb i nevojitet p\u00ebr t\u00eb arritur q\u00ebllimet e tij kjo nuk ka asnj\u00eb dyshim\u2026. Q\u00ebllimi i radh\u00ebs ishte blerja votave n\u00ebp\u00ebrmjet investimeve apo p\u00ebrdorimit t\u00eb burimeve shtet\u00ebrore. Le t\u00eb b\u00ebjm\u00eb nj\u00eb p\u00ebrllogaritje t\u00eb &hellip;<\/p>\n","protected":false},"author":4,"featured_media":110975,"comment_status":"closed","ping_status":"closed","sticky":false,"template":"","format":"standard","meta":{"footnotes":""},"categories":[37],"tags":[],"class_list":["post-114128","post","type-post","status-publish","format-standard","has-post-thumbnail","","category-politike"],"_links":{"self":[{"href":"https:\/\/rdnews.al\/index.php\/wp-json\/wp\/v2\/posts\/114128","targetHints":{"allow":["GET"]}}],"collection":[{"href":"https:\/\/rdnews.al\/index.php\/wp-json\/wp\/v2\/posts"}],"about":[{"href":"https:\/\/rdnews.al\/index.php\/wp-json\/wp\/v2\/types\/post"}],"author":[{"embeddable":true,"href":"https:\/\/rdnews.al\/index.php\/wp-json\/wp\/v2\/users\/4"}],"replies":[{"embeddable":true,"href":"https:\/\/rdnews.al\/index.php\/wp-json\/wp\/v2\/comments?post=114128"}],"version-history":[{"count":1,"href":"https:\/\/rdnews.al\/index.php\/wp-json\/wp\/v2\/posts\/114128\/revisions"}],"predecessor-version":[{"id":114129,"href":"https:\/\/rdnews.al\/index.php\/wp-json\/wp\/v2\/posts\/114128\/revisions\/114129"}],"wp:featuredmedia":[{"embeddable":true,"href":"https:\/\/rdnews.al\/index.php\/wp-json\/wp\/v2\/media\/110975"}],"wp:attachment":[{"href":"https:\/\/rdnews.al\/index.php\/wp-json\/wp\/v2\/media?parent=114128"}],"wp:term":[{"taxonomy":"category","embeddable":true,"href":"https:\/\/rdnews.al\/index.php\/wp-json\/wp\/v2\/categories?post=114128"},{"taxonomy":"post_tag","embeddable":true,"href":"https:\/\/rdnews.al\/index.php\/wp-json\/wp\/v2\/tags?post=114128"}],"curies":[{"name":"wp","href":"https:\/\/api.w.org\/{rel}","templated":true}]}}