{"id":114138,"date":"2025-05-16T15:48:55","date_gmt":"2025-05-16T15:48:55","guid":{"rendered":"https:\/\/rdnews.al\/?p=114138"},"modified":"2025-05-16T18:59:32","modified_gmt":"2025-05-16T18:59:32","slug":"deklarata-e-forte-e-majkos-votat-po-vidhen-mos-fluturojme-kot","status":"publish","type":"post","link":"https:\/\/rdnews.al\/index.php\/2025\/05\/16\/deklarata-e-forte-e-majkos-votat-po-vidhen-mos-fluturojme-kot\/","title":{"rendered":"Deklarata e fort\u00eb e Majkos: Votat po vidhen, mos fluturojm\u00eb kot"},"content":{"rendered":"<p>N\u00eb \u201cDrejt\u201d nga Luan Rama, deputeti socialist Pandeli Majko e pranoi se vazhdon akoma edhe sot fenomeni i vjedhjes s\u00eb vot\u00ebs n\u00eb vendin ton\u00eb, duke i kujtuar periudh\u00ebn \u201996 \u2013 \u201897.<\/p>\n<p><b>&#8220;<\/b>N\u00ebse nuk do t\u00eb ndodhin ngjarjet e vitit 1996, q\u00eb nuk duhet p\u00ebrs\u00ebritur, n\u00ebse nuk do t\u00eb kishim pasur at\u00eb konkluzion n\u00eb 1996 Shqip\u00ebria sot do t\u00eb kishte pasur deputet\u00eb n\u00eb Kuvend. \u00cbsht\u00eb vonesa m\u00eb e madhe q\u00eb i kemi sjell\u00eb vendit p\u00ebr nj\u00eb grusht votash dhe nj\u00eb pushtet t\u00eb pamerituar. Gjith\u00e7ka ndodhi n\u00eb refleks t\u00eb vjedhjes s\u00eb votave. Edhe n\u00ebse sot n\u00ebse vazhdon ky fenomen, mendoj at\u00eb vit t\u00eb mallkuar. Po vazhdon vjedhja e vot\u00ebs, mos t\u00eb fluturojm\u00eb kot&#8221; u shpreh Majko.<\/p>\n","protected":false},"excerpt":{"rendered":"<p>N\u00eb \u201cDrejt\u201d nga Luan Rama, deputeti socialist Pandeli Majko e pranoi se vazhdon akoma edhe sot fenomeni i vjedhjes s\u00eb vot\u00ebs n\u00eb vendin ton\u00eb, duke i kujtuar periudh\u00ebn \u201996 \u2013 \u201897. &#8220;N\u00ebse nuk do t\u00eb ndodhin ngjarjet e vitit 1996, q\u00eb nuk duhet p\u00ebrs\u00ebritur, n\u00ebse nuk do t\u00eb kishim pasur at\u00eb konkluzion n\u00eb 1996 Shqip\u00ebria &hellip;<\/p>\n","protected":false},"author":3,"featured_media":114192,"comment_status":"closed","ping_status":"closed","sticky":false,"template":"","format":"standard","meta":{"footnotes":""},"categories":[40],"tags":[],"class_list":["post-114138","post","type-post","status-publish","format-standard","has-post-thumbnail","","category-aktualitet"],"_links":{"self":[{"href":"https:\/\/rdnews.al\/index.php\/wp-json\/wp\/v2\/posts\/114138","targetHints":{"allow":["GET"]}}],"collection":[{"href":"https:\/\/rdnews.al\/index.php\/wp-json\/wp\/v2\/posts"}],"about":[{"href":"https:\/\/rdnews.al\/index.php\/wp-json\/wp\/v2\/types\/post"}],"author":[{"embeddable":true,"href":"https:\/\/rdnews.al\/index.php\/wp-json\/wp\/v2\/users\/3"}],"replies":[{"embeddable":true,"href":"https:\/\/rdnews.al\/index.php\/wp-json\/wp\/v2\/comments?post=114138"}],"version-history":[{"count":2,"href":"https:\/\/rdnews.al\/index.php\/wp-json\/wp\/v2\/posts\/114138\/revisions"}],"predecessor-version":[{"id":114193,"href":"https:\/\/rdnews.al\/index.php\/wp-json\/wp\/v2\/posts\/114138\/revisions\/114193"}],"wp:featuredmedia":[{"embeddable":true,"href":"https:\/\/rdnews.al\/index.php\/wp-json\/wp\/v2\/media\/114192"}],"wp:attachment":[{"href":"https:\/\/rdnews.al\/index.php\/wp-json\/wp\/v2\/media?parent=114138"}],"wp:term":[{"taxonomy":"category","embeddable":true,"href":"https:\/\/rdnews.al\/index.php\/wp-json\/wp\/v2\/categories?post=114138"},{"taxonomy":"post_tag","embeddable":true,"href":"https:\/\/rdnews.al\/index.php\/wp-json\/wp\/v2\/tags?post=114138"}],"curies":[{"name":"wp","href":"https:\/\/api.w.org\/{rel}","templated":true}]}}