{"id":114159,"date":"2025-05-16T16:23:37","date_gmt":"2025-05-16T16:23:37","guid":{"rendered":"https:\/\/rdnews.al\/?p=114159"},"modified":"2025-05-16T18:25:03","modified_gmt":"2025-05-16T18:25:03","slug":"masakra-zgjedore-noka-edi-rama-dhe-banda-e-tij-nuk-do-te-kene-qetesi","status":"publish","type":"post","link":"https:\/\/rdnews.al\/index.php\/2025\/05\/16\/masakra-zgjedore-noka-edi-rama-dhe-banda-e-tij-nuk-do-te-kene-qetesi\/","title":{"rendered":"Masakra zgjedhore\/ Noka: Edi Rama dhe banda e tij nuk do t\u00eb ken\u00eb qet\u00ebsi!"},"content":{"rendered":"<p>Mb\u00ebshtet\u00ebsit e opozit\u00ebs shqiptare jan\u00eb grumbulluar n\u00eb bulevardin \u2018Zogu i Par\u00eb\u2019, n\u00eb kryq\u00ebzimin te Ministria e Drejt\u00ebsis\u00eb, pran\u00eb sheshit \u2018Sk\u00ebnderbej\u2019, ku mbahet samiti i lider\u00ebve europian\u00eb.<\/p>\n<p>Duke folur p\u00ebr mediat sekretari i P\u00ebrgjithsh\u00ebm i PD, Flamur Noka deklaroi se opozita nuk mund t\u00eb pranoj\u00eb \u2018kurr\u00ebn e kurr\u00ebs\u2019 at\u00eb q\u00eb e quajti tjet\u00ebrsim t\u00eb vot\u00ebs s\u00eb shqiptar\u00ebve.<\/p>\n<p>\u201cPatronazhimi, p\u00ebrdorimi i administrat\u00ebs dhe bandave kriminale ishin ato q\u00eb ndikuan n\u00eb tjet\u00ebrsimin e vot\u00ebs s\u00eb shqiptar\u00ebve. Kjo nuk mund t\u00eb pranohet kurr\u00ebn e kurr\u00ebs.<\/p>\n<p>Faktori nd\u00ebrkomb\u00ebtar e vuri gishtin mbi plag\u00eb. 750 000 pensionist\u00ebve iu ble vota me 100 euro. Falja e 150 000 gjobave dy dit\u00eb para zgjedhjeve, blerje vote \u00ebsht\u00eb.<\/p>\n<p>Edi Rama nuk do t\u00eb ket\u00eb qet\u00ebsi, as banda e tij. Misioni i PD nuk \u00ebsht\u00eb pushteti por shenjt\u00ebrimi i vot\u00ebs n\u00eb Shqip\u00ebri. Dilni takoni sot qytetar\u00ebt, n\u00eb 10 qytetar\u00eb, 7 thon\u00eb se kan\u00eb votuar Partin\u00eb Demokratike\u201d, tha Noka p\u00ebr mediat.<\/p>\n","protected":false},"excerpt":{"rendered":"<p>Mb\u00ebshtet\u00ebsit e opozit\u00ebs shqiptare jan\u00eb grumbulluar n\u00eb bulevardin \u2018Zogu i Par\u00eb\u2019, n\u00eb kryq\u00ebzimin te Ministria e Drejt\u00ebsis\u00eb, pran\u00eb sheshit \u2018Sk\u00ebnderbej\u2019, ku mbahet samiti i lider\u00ebve europian\u00eb. Duke folur p\u00ebr mediat sekretari i P\u00ebrgjithsh\u00ebm i PD, Flamur Noka deklaroi se opozita nuk mund t\u00eb pranoj\u00eb \u2018kurr\u00ebn e kurr\u00ebs\u2019 at\u00eb q\u00eb e quajti tjet\u00ebrsim t\u00eb vot\u00ebs s\u00eb &hellip;<\/p>\n","protected":false},"author":4,"featured_media":114181,"comment_status":"closed","ping_status":"closed","sticky":false,"template":"","format":"standard","meta":{"footnotes":""},"categories":[37],"tags":[],"class_list":["post-114159","post","type-post","status-publish","format-standard","has-post-thumbnail","","category-politike"],"_links":{"self":[{"href":"https:\/\/rdnews.al\/index.php\/wp-json\/wp\/v2\/posts\/114159","targetHints":{"allow":["GET"]}}],"collection":[{"href":"https:\/\/rdnews.al\/index.php\/wp-json\/wp\/v2\/posts"}],"about":[{"href":"https:\/\/rdnews.al\/index.php\/wp-json\/wp\/v2\/types\/post"}],"author":[{"embeddable":true,"href":"https:\/\/rdnews.al\/index.php\/wp-json\/wp\/v2\/users\/4"}],"replies":[{"embeddable":true,"href":"https:\/\/rdnews.al\/index.php\/wp-json\/wp\/v2\/comments?post=114159"}],"version-history":[{"count":2,"href":"https:\/\/rdnews.al\/index.php\/wp-json\/wp\/v2\/posts\/114159\/revisions"}],"predecessor-version":[{"id":114185,"href":"https:\/\/rdnews.al\/index.php\/wp-json\/wp\/v2\/posts\/114159\/revisions\/114185"}],"wp:featuredmedia":[{"embeddable":true,"href":"https:\/\/rdnews.al\/index.php\/wp-json\/wp\/v2\/media\/114181"}],"wp:attachment":[{"href":"https:\/\/rdnews.al\/index.php\/wp-json\/wp\/v2\/media?parent=114159"}],"wp:term":[{"taxonomy":"category","embeddable":true,"href":"https:\/\/rdnews.al\/index.php\/wp-json\/wp\/v2\/categories?post=114159"},{"taxonomy":"post_tag","embeddable":true,"href":"https:\/\/rdnews.al\/index.php\/wp-json\/wp\/v2\/tags?post=114159"}],"curies":[{"name":"wp","href":"https:\/\/api.w.org\/{rel}","templated":true}]}}