{"id":114162,"date":"2025-05-16T16:27:32","date_gmt":"2025-05-16T16:27:32","guid":{"rendered":"https:\/\/rdnews.al\/?p=114162"},"modified":"2025-05-16T17:49:30","modified_gmt":"2025-05-16T17:49:30","slug":"kulla-qeveria-grabiti-voten-po-perdorin-cdo-mjet-per-te-mbuluar-krimin-elektoral","status":"publish","type":"post","link":"https:\/\/rdnews.al\/index.php\/2025\/05\/16\/kulla-qeveria-grabiti-voten-po-perdorin-cdo-mjet-per-te-mbuluar-krimin-elektoral\/","title":{"rendered":"Kulla: Qeveria grabiti vot\u00ebn, po p\u00ebrdor \u00e7do mjet p\u00ebr t\u00eb mbuluar krimin elektoral!"},"content":{"rendered":"<p>Ndri\u00e7im Kulla, studiues, mbajti fjal\u00ebn e tij n\u00eb protest\u00ebn e opozit\u00ebs p\u00ebr masakr\u00ebn zgjedhore t\u00eb 11 Majit, ku u shpreh se nuk duhej t\u00eb ishim sot n\u00eb protest\u00eb, por n\u00eb fest\u00eb p\u00ebr nj\u00eb fitore t\u00eb merituar.<\/p>\n<p>Ai theksoi se p\u00ebrball\u00eb kemi nj\u00eb regjim q\u00eb nuk mund t\u00eb p\u00ebrmbyset me vot\u00eb, sepse vota grabitet me mekanizma t\u00eb mir\u00eborganizuar.<\/p>\n<p>\u201cNuk duhej t\u00eb ishim grumbulluar sot n\u00eb k\u00ebt\u00eb m\u00ebnyr\u00eb, por duhej t\u00eb festonim nj\u00eb fitore. E kemi th\u00ebn\u00eb prej koh\u00ebsh q\u00eb p\u00ebrball\u00eb kemi nj\u00eb regjim, dhe regjimi \u00ebsht\u00eb i v\u00ebshtir\u00eb t\u00eb p\u00ebrmbyset me vot\u00eb. Djalli, si\u00e7 e kam quajtur un\u00eb, e kishte kalibruar mir\u00eb k\u00ebt\u00eb fitore t\u00eb grabitur dhe, p\u00ebr ta mbuluar, organizoi tre aktivitete t\u00eb ul\u00ebta.<\/p>\n<p>Lider\u00ebt europian\u00eb jan\u00eb t\u00eb mir\u00ebpritur, por Shqip\u00ebria, n\u00eb perceptimin tim, nuk p\u00ebrfaq\u00ebson ndonj\u00eb simbolik\u00eb t\u00eb ve\u00e7ant\u00eb n\u00eb k\u00ebt\u00eb rast. Ai e ka organizuar k\u00ebt\u00eb vizit\u00eb n\u00eb m\u00ebnyr\u00eb q\u00eb t\u00eb mbuloj\u00eb grabitjen e vot\u00ebs.<\/p>\n<p>Statusi ma lejon t\u00eb them se nes\u00ebr do t\u00eb jet\u00eb i pranish\u00ebm edhe dh\u00ebndri i Trump. Ai \u00ebsht\u00eb i mir\u00ebpritur p\u00ebr investimet n\u00eb vend, por djalli e ka organizuar edhe k\u00ebt\u00eb aktivitet p\u00ebr ta shfryt\u00ebzuar dhe p\u00ebr t\u00eb mjegulluar situat\u00ebn q\u00eb ka krijuar, si dhe p\u00ebr t\u00eb ushtruar presion mbi njer\u00ebzit, me iden\u00eb: \u201cJa, un\u00eb loboj me njer\u00ebzit e Trump.\u201d<\/p>\n<p>\u00cbsht\u00eb organizuar edhe aktiviteti i bi\u00e7ikletave &#8211; tre aktivitete, p\u00ebr t\u00eb cilat opozita duhej t\u00eb kishte p\u00ebrgatitur opinionin publik. Nuk besoj se SHBA do ta harroj\u00eb k\u00ebt\u00eb masak\u00ebr zgjedhore q\u00eb ndodhi n\u00eb Shqip\u00ebri\u201d, tha Kulla.<\/p>\n","protected":false},"excerpt":{"rendered":"<p>Ndri\u00e7im Kulla, studiues, mbajti fjal\u00ebn e tij n\u00eb protest\u00ebn e opozit\u00ebs p\u00ebr masakr\u00ebn zgjedhore t\u00eb 11 Majit, ku u shpreh se nuk duhej t\u00eb ishim sot n\u00eb protest\u00eb, por n\u00eb fest\u00eb p\u00ebr nj\u00eb fitore t\u00eb merituar. Ai theksoi se p\u00ebrball\u00eb kemi nj\u00eb regjim q\u00eb nuk mund t\u00eb p\u00ebrmbyset me vot\u00eb, sepse vota grabitet me mekanizma &hellip;<\/p>\n","protected":false},"author":4,"featured_media":114180,"comment_status":"closed","ping_status":"closed","sticky":false,"template":"","format":"standard","meta":{"footnotes":""},"categories":[37],"tags":[],"class_list":["post-114162","post","type-post","status-publish","format-standard","has-post-thumbnail","","category-politike"],"_links":{"self":[{"href":"https:\/\/rdnews.al\/index.php\/wp-json\/wp\/v2\/posts\/114162","targetHints":{"allow":["GET"]}}],"collection":[{"href":"https:\/\/rdnews.al\/index.php\/wp-json\/wp\/v2\/posts"}],"about":[{"href":"https:\/\/rdnews.al\/index.php\/wp-json\/wp\/v2\/types\/post"}],"author":[{"embeddable":true,"href":"https:\/\/rdnews.al\/index.php\/wp-json\/wp\/v2\/users\/4"}],"replies":[{"embeddable":true,"href":"https:\/\/rdnews.al\/index.php\/wp-json\/wp\/v2\/comments?post=114162"}],"version-history":[{"count":3,"href":"https:\/\/rdnews.al\/index.php\/wp-json\/wp\/v2\/posts\/114162\/revisions"}],"predecessor-version":[{"id":114166,"href":"https:\/\/rdnews.al\/index.php\/wp-json\/wp\/v2\/posts\/114162\/revisions\/114166"}],"wp:featuredmedia":[{"embeddable":true,"href":"https:\/\/rdnews.al\/index.php\/wp-json\/wp\/v2\/media\/114180"}],"wp:attachment":[{"href":"https:\/\/rdnews.al\/index.php\/wp-json\/wp\/v2\/media?parent=114162"}],"wp:term":[{"taxonomy":"category","embeddable":true,"href":"https:\/\/rdnews.al\/index.php\/wp-json\/wp\/v2\/categories?post=114162"},{"taxonomy":"post_tag","embeddable":true,"href":"https:\/\/rdnews.al\/index.php\/wp-json\/wp\/v2\/tags?post=114162"}],"curies":[{"name":"wp","href":"https:\/\/api.w.org\/{rel}","templated":true}]}}