{"id":114167,"date":"2025-05-16T16:46:47","date_gmt":"2025-05-16T16:46:47","guid":{"rendered":"https:\/\/rdnews.al\/?p=114167"},"modified":"2025-05-16T17:11:23","modified_gmt":"2025-05-16T17:11:23","slug":"xhaferri-emrat-qe-perfaqesojne-bandat-me-te-rrezikshme-do-te-ulen-ne-ate-parlament","status":"publish","type":"post","link":"https:\/\/rdnews.al\/index.php\/2025\/05\/16\/xhaferri-emrat-qe-perfaqesojne-bandat-me-te-rrezikshme-do-te-ulen-ne-ate-parlament\/","title":{"rendered":"Xhaferri: Emrat q\u00eb p\u00ebrfaq\u00ebsojn\u00eb bandat m\u00eb t\u00eb rrezikshme do t\u00eb ulen n\u00eb at\u00eb parlament!"},"content":{"rendered":"<p>Deputeti i zgjedhur i PD, Besard Xhaferri, i pranish\u00ebm n\u00eb protest\u00ebn e dit\u00ebs s\u00eb sotme q\u00eb opozita zhvilloi p\u00ebr masakr\u00ebn zgjedhore t\u00eb 11 majit, tha se emrat q\u00eb p\u00ebrfaq\u00ebsojn\u00eb bandat m\u00eb t\u00eb rrezikshme t\u00eb Shqip\u00ebris\u00eb do t\u00eb ulen n\u00eb at\u00eb parlament.<\/p>\n<p>Xhaferri theksoi se, platforma dikur e PS \u2018deputeti q\u00eb duam, \u00ebsht\u00eb kthyer n\u00eb platform\u00eb \u2018deputeti q\u00eb bandat duan\u2019.<\/p>\n<p>\u201cDua t\u00eb falenderoj \u00e7do opozitar q\u00eb p\u00ebr muaj t\u00eb t\u00ebr\u00eb ka b\u00ebr\u00eb nj\u00eb fushat\u00eb model, q\u00eb do t\u00eb jepte leksionin m\u00eb modern ndaj t\u00eb gjith\u00eb lider\u00ebve nga Evropa q\u00eb kan\u00eb ardhur k\u00ebtu, jan\u00eb ulur me nj\u00eb lider t\u00eb nj\u00eb vendi q\u00eb k\u00ebrkon t\u00eb futet n\u00eb BE. Lider\u00ebt e Evrop\u00ebs duhet t\u00eb kuptojn\u00eb q\u00eb k\u00ebtu jan\u00eb ulur me nj\u00eb autokrat, ai autokrat e ka emrin Edi Rama, \u00ebsht\u00eb nj\u00eb autokrat i \u00e7eretifikuar nga OSBE\/ODHIR, t\u00eb cilat than\u00eb q\u00eb administrate shtet\u00ebrore kan\u00eb menaxhuar edhe rezultatin e kutis\u00eb jo vet\u00ebm fushat\u00ebn. Jan\u00eb zgjedhje q\u00eb kan\u00eb nxjerr\u00eb deputet anonim m\u00eb t\u00eb votuarit t\u00eb Shqip\u00ebris\u00eb, ata deputet\u00eb t\u00eb rinj kaluan nga platforma \u2018deputeti q\u00eb duam\u2019 n\u00eb platform\u00ebn \u2018deputeti q\u00eb bandat duan\u2019.<\/p>\n<p>Emrat q\u00eb p\u00ebrfaq\u00ebsojn\u00eb bandat m\u00eb t\u00eb rrezikshme t\u00eb Shqip\u00ebris\u00eb t\u00eb ulen n\u00eb at\u00eb parlament, por ne k\u00ebt\u00eb e dim\u00eb. Edi Rama e ka at\u00eb tradit\u00eb t\u00eb ul\u00eb n\u00eb at\u00eb parlament krimin, oligarkin\u00eb dhe vet\u00ebm pazaret m\u00eb okulte dhe m\u00eb t\u00eb err\u00ebta q\u00eb e kan\u00eb b\u00ebr\u00eb k\u00ebt\u00eb vend t\u00eb shpopullohet. Ne pyesim pse ka r\u00ebnie n\u00eb numrin e zgjedh\u00ebsve, pop se nuk pyesim pse ka rritje n\u00eb numrin e votuesve t\u00eb PS. P\u00ebrgjigjen e\u00a0 dim\u00eb n\u00eb t\u00eb dyja, ka r\u00ebnie n\u00eb numrin e zgjedh\u00ebsve sepse shqiptar\u00ebt kan\u00eb ikur jan\u00eb larguar, dhe asnj\u00eb INSTAT q\u00eb jep p\u00ebr popullat\u00ebn nuk ka lidhje p\u00ebr disa njer\u00ebz q\u00eb jetojn\u00eb n\u00eb Shqip\u00ebri. Por pyetja e dyt\u00eb q\u00eb rriten koma m\u00eb shum\u00eb numri i votuesve t\u00eb PS, \u00ebsht\u00eb patronazhimi deri n\u00eb kock\u00eb ndaj nj\u00eb njeriu q\u00eb \u00ebsht\u00eb i brisht\u00eb q\u00eb mund t\u00eb k\u00ebrc\u00ebnohet dhe e ha presionin.<\/p>\n<p>Ndaj atyre 750 mij\u00eb \u00e7\u2019r\u00ebnd\u00ebsi ka sa vota PS, lufton me nj\u00eb ushtri t\u00eb t\u00ebr\u00eb drejtor\u00ebsh p\u00ebr t\u00eb marr\u00eb rezultatin kuti m\u00eb kuti, jan\u00eb vota q\u00eb vet\u00ebm demokracin\u00eb nuk e b\u00ebn. Dhe k\u00ebt\u00eb BE dhe lider\u00ebt e saj duhet ta din\u00eb shum\u00eb mir\u00eb, q\u00eb Shqip\u00ebrin\u00eb po e l\u00ebn\u00eb n\u00eb nj\u00eb autokraci, si\u00e7 na la n\u00eb vitin 45, po e b\u00ebjn\u00eb me \u00e7do pal zgjedhje q\u00eb vijn\u00eb I krehin bishtin nj\u00eb autokrati. Por harrojn\u00eb di\u00e7ka ne nuk dor\u00ebzohemi ne do t\u00eb faktojm\u00eb do dokumentojm\u00eb \u00e7do shkelje me mij\u00ebra, q\u00eb ti \u00e7ojm\u00eb aty ku duhet. Do t\u00eb kall\u00ebzojm\u00eb \u00e7do njeri penalisht q\u00eb \u00ebsht\u00eb kapur me vjedhje vote. Sepse SPAKU merret vet\u00ebm me \u00e7\u00ebshtje q\u00eb s\u2019kan\u00eb lidhje me PS, por detyr\u00ebn e prokurorit do ta b\u00ebjm\u00eb ne, do t\u2019i marrim ato dosje dhe do t\u2019i kall\u00ebzojm\u00eb penalisht, me prova dhe me fakte dhe do t\u00eb shkoujn\u00eb n\u00eb burg, skllev\u00ebrit e Edi Ram\u00ebs do t\u00eb shkojn\u00eb n\u00eb burg.<\/p>\n<p>Ne p\u00ebrs\u00ebri do t\u00eb jemi \u00eb ball\u00eb t\u00eb luft\u00ebs, deri n\u00eb fitore sepse \u00ebsht\u00eb maraton\u00eb nuk \u00ebsht\u00eb sprint. Lufta p\u00ebr demokraci nuk ka ardhur brenda nj\u00eb nate, vjen vet\u00ebm q\u00ebndrestar q\u00eb e mban kok\u00ebn lart dhe nga njer\u00ebzit m\u00eb fisnik\u00eb q\u00eb ka Shqip\u00ebria. Dhe ata jeni ju zonja dhe zot\u00ebrinj n\u00eb k\u00ebt\u00eb shesh, dhe kushdo q\u00eb na sheh nga televizori dhe ka qen\u00eb n\u00eb krahun e duhur t\u00eb historis\u00eb. Ne nuk do t\u00eb rreshtim kurr\u00eb t\u00eb jemi n\u00eb krahun e duhur t\u00eb historis\u00eb. Do t\u2019i themi evrop\u00ebs gjithmon\u00eb, q\u00eb jemi Evrop\u00eb, nuk presim q\u00eb t\u00eb vijn\u00eb ata t\u00eb na b\u00ebjn\u00eb Evrop\u00eb sepse na kan\u00eb braktisur. Duket qart\u00eb q\u00eb me q\u00eb k\u00ebt\u00eb Shqip\u00ebri e braktisin p\u00ebr pazaret e tyre. Gorgia Meloni e para me kampin e Lezh\u00ebs dhe t\u00eb gjith\u00eb jan\u00eb v\u00ebn\u00eb n\u00eb radh\u00eb, se kush do t\u00eb sjell\u00eb kampin k\u00ebtu\u201d, tha Xhaferri.<\/p>\n","protected":false},"excerpt":{"rendered":"<p>Deputeti i zgjedhur i PD, Besard Xhaferri, i pranish\u00ebm n\u00eb protest\u00ebn e dit\u00ebs s\u00eb sotme q\u00eb opozita zhvilloi p\u00ebr masakr\u00ebn zgjedhore t\u00eb 11 majit, tha se emrat q\u00eb p\u00ebrfaq\u00ebsojn\u00eb bandat m\u00eb t\u00eb rrezikshme t\u00eb Shqip\u00ebris\u00eb do t\u00eb ulen n\u00eb at\u00eb parlament. Xhaferri theksoi se, platforma dikur e PS \u2018deputeti q\u00eb duam, \u00ebsht\u00eb kthyer n\u00eb platform\u00eb &hellip;<\/p>\n","protected":false},"author":4,"featured_media":114175,"comment_status":"closed","ping_status":"closed","sticky":false,"template":"","format":"standard","meta":{"footnotes":""},"categories":[37],"tags":[],"class_list":["post-114167","post","type-post","status-publish","format-standard","has-post-thumbnail","","category-politike"],"_links":{"self":[{"href":"https:\/\/rdnews.al\/index.php\/wp-json\/wp\/v2\/posts\/114167","targetHints":{"allow":["GET"]}}],"collection":[{"href":"https:\/\/rdnews.al\/index.php\/wp-json\/wp\/v2\/posts"}],"about":[{"href":"https:\/\/rdnews.al\/index.php\/wp-json\/wp\/v2\/types\/post"}],"author":[{"embeddable":true,"href":"https:\/\/rdnews.al\/index.php\/wp-json\/wp\/v2\/users\/4"}],"replies":[{"embeddable":true,"href":"https:\/\/rdnews.al\/index.php\/wp-json\/wp\/v2\/comments?post=114167"}],"version-history":[{"count":1,"href":"https:\/\/rdnews.al\/index.php\/wp-json\/wp\/v2\/posts\/114167\/revisions"}],"predecessor-version":[{"id":114168,"href":"https:\/\/rdnews.al\/index.php\/wp-json\/wp\/v2\/posts\/114167\/revisions\/114168"}],"wp:featuredmedia":[{"embeddable":true,"href":"https:\/\/rdnews.al\/index.php\/wp-json\/wp\/v2\/media\/114175"}],"wp:attachment":[{"href":"https:\/\/rdnews.al\/index.php\/wp-json\/wp\/v2\/media?parent=114167"}],"wp:term":[{"taxonomy":"category","embeddable":true,"href":"https:\/\/rdnews.al\/index.php\/wp-json\/wp\/v2\/categories?post=114167"},{"taxonomy":"post_tag","embeddable":true,"href":"https:\/\/rdnews.al\/index.php\/wp-json\/wp\/v2\/tags?post=114167"}],"curies":[{"name":"wp","href":"https:\/\/api.w.org\/{rel}","templated":true}]}}