{"id":114172,"date":"2025-05-16T17:07:13","date_gmt":"2025-05-16T17:07:13","guid":{"rendered":"https:\/\/rdnews.al\/?p=114172"},"modified":"2025-05-16T17:07:13","modified_gmt":"2025-05-16T17:07:13","slug":"berisha-kemi-aleate-te-shumte-ne-kete-beteje-zeri-yne-do-degjohet-fuqishem-ne-europe-dhe-bote","status":"publish","type":"post","link":"https:\/\/rdnews.al\/index.php\/2025\/05\/16\/berisha-kemi-aleate-te-shumte-ne-kete-beteje-zeri-yne-do-degjohet-fuqishem-ne-europe-dhe-bote\/","title":{"rendered":"Berisha: Kemi aleat\u00eb t\u00eb shumt\u00eb n\u00eb k\u00ebt\u00eb betej\u00eb! Z\u00ebri yn\u00eb do d\u00ebgjohet fuqish\u00ebm n\u00eb Europ\u00eb dhe bot\u00eb!"},"content":{"rendered":"<p>Gjat\u00eb fjal\u00ebs s\u00eb mbajtur n\u00eb protest\u00ebn kund\u00ebr masakr\u00ebs elektorale nga Edi Rama n\u00eb 11 maj, lideri i opozit\u00ebs, Sali Berisha ka deklaruar se Partia Demokratike dhe opozita ka aleat\u00eb t\u00eb shumt\u00eb n\u00eb betej\u00ebn p\u00ebr vot\u00ebn e lir\u00eb.<\/p>\n<p>Berisha tha se, mos mendoni se k\u00ebto lajme nuk do shkojn\u00eb n\u00eb t\u00eb gjitha kancelarit\u00eb e Europ\u00ebs dhe bot\u00ebs. Z\u00ebri yn\u00eb, z\u00ebri juaj, z\u00ebri i shqiptar\u00ebve q\u00eb luftojn\u00eb p\u00ebr vot\u00ebn e lir\u00eb, do d\u00ebgjohet dhe do ushtoj\u00eb fuqish\u00ebm n\u00eb Europ\u00eb dhe bot\u00eb\u2019, theksoi kryedemokrati Sali Berisha gjat\u00eb fjal\u00ebs s\u00eb mbajtur n\u00eb protest\u00eb.<\/p>\n<p><strong>Berisha:<\/strong> T\u00eb dashur qytetar\u00eb dhe qytetare, zgjedhjet e 11 Majit ishin bot\u00ebrisht t\u00eb njohura si fars\u00eb elektorale dhe para se t\u00eb zhvilloheshin.<\/p>\n<p>Si fars\u00eb elektorale ato i sanksiononte rezoluta e dhjetorit t\u00eb Bashkimit Demokrat Nd\u00ebrkomb\u00ebtar.<\/p>\n<p>Rezoluta e tetorit e Internacionales s\u00eb Qendr\u00ebs Demokratike.<\/p>\n<p>I sanksiononte rezoluta e n\u00ebntorit e Partis\u00eb Popullore Europiane.<\/p>\n<p>Dhe n\u00eb m\u00ebnyr\u00eb p\u00ebrfundimtare i groposte rezoluta e Valencias q\u00eb u mbajt nj\u00eb jav\u00eb para zgjedhjeve.<\/p>\n<p>Edi Rama nuk b\u00ebri gj\u00eb tjet\u00ebr ve\u00e7se d\u00ebshmoi se \u00ebsht\u00eb nj\u00eb kriminel, nj\u00eb monst\u00ebr ndaj vullnetit t\u00eb lir\u00eb t\u00eb shqiptar\u00ebve dhe un\u00eb u garantoj se \u00e7do dit\u00eb n\u00eb k\u00ebt\u00eb betej\u00eb, ne do arrijm\u00eb q\u00ebllimet tona.<\/p>\n<p>Kjo betej\u00eb k\u00ebrkon angazhimin e t\u00eb gjith\u00eb ne, t\u00eb gjith\u00eb shiqptar\u00ebve, por u siguroj se kjo betej\u00eb do zhvillohet n\u00eb \u00e7do zyr\u00eb t\u00eb r\u00ebnd\u00ebsishme, n\u00eb \u00e7do parlament, n\u00eb \u00e7do qeveri t\u00eb vendeve t\u00eb lira n\u00eb Europ\u00eb dhe n\u00eb bot\u00eb.<\/p>\n<p>Kjo betej\u00eb do fitohet nga luft\u00ebtar\u00ebt e liris\u00eb, nga luft\u00ebtar\u00ebt e vot\u00ebs s\u00eb lir\u00eb.<\/p>\n<p>Ndaj dhe t\u00eb vazhdojm\u00eb me p\u00ebrkushtim.<\/p>\n<p>Edi Rama nuk ka t\u00eb ardhme.<\/p>\n<p>Do p\u00ebrfundoj\u00eb aty ku kan\u00eb p\u00ebrfituar armiqt\u00eb e liris\u00eb s\u00eb kombeve, armiqt\u00eb e vot\u00ebs s\u00eb lir\u00eb.<\/p>\n<p>Ishte jasht\u00ebzakonisht koincidenc\u00eb pozitive ky takim nd\u00ebrkomb\u00ebtar i lider\u00ebve europian\u00eb.<\/p>\n<p>Dhe Edi Rama i priti ata si nj\u00eb hajdut, si nj\u00eb pla\u00e7kit\u00ebs, i priti si El \u00c7apo, i priti si Toto Rino, i priti ashtu si\u00e7 \u00ebsht\u00eb, i aft\u00eb p\u00ebr t\u00eb shkelmuar \u00e7do ligj, \u00e7do parim p\u00ebr t\u00eb q\u00ebndruar n\u00eb pushtet vet\u00ebm se e di se vendin e ka n\u00eb burg dhe u garantoj se atje do t\u00eb shkoj\u00eb.<\/p>\n<p>Duhet t\u00eb p\u00ebrsh\u00ebndes mediat nd\u00ebrkomb\u00ebtare q\u00eb e dhan\u00eb q\u00eb dje lajmin p\u00ebr protest\u00ebn e opozit\u00ebs p\u00ebr shkak t\u00eb vjedhjes s\u00eb vot\u00ebs.<\/p>\n<p>Pra, kemi aleat\u00eb t\u00eb shumt\u00eb n\u00eb k\u00ebt\u00eb betej\u00eb dhe do jen\u00eb gjithnj\u00eb e m\u00eb t\u00eb shumt\u00eb.<\/p>\n<p>T\u00eb dashur miq, masakra zgjedhore e 11 Majit sh\u00ebnon masakr\u00ebn m\u00eb t\u00eb turpshme ndaj vot\u00ebs s\u00eb lir\u00eb n\u00eb historin\u00eb e Europ\u00ebs.<\/p>\n<p>Sh\u00ebnon d\u00ebshmin\u00eb m\u00eb flagrante t\u00eb Edi Ram\u00ebs, t\u00eb q\u00ebndrimit t\u00eb tij armiq\u00ebsor, t\u00eb rikthimit t\u00eb tij n\u00eb genin e et\u00ebrve mizore.<\/p>\n<p>Por gjithashtu \u00ebsht\u00eb nj\u00eb apel, nj\u00eb thirrje p\u00ebr t\u00eb gjith\u00eb shqiptar\u00ebt q\u00eb t\u00eb mos pajtohemi dhe t\u00eb b\u00ebjm\u00eb \u00e7do sakrific\u00eb, \u00e7do betej\u00eb q\u00eb qytetar\u00ebt shqiptar\u00eb t\u00eb votojn\u00eb t\u00eb lir\u00eb.<\/p>\n<p>T\u00eb ngrihemi mbi terrorist\u00ebt elektoral\u00eb, mbi bandat.<\/p>\n<p>T\u00eb ngrihemi mbi ata punonj\u00ebs dhe n\u00ebpun\u00ebs, t\u00eb cil\u00ebt shnd\u00ebrrohen p\u00ebr shkak t\u00eb vjedhjeve q\u00eb kan\u00eb b\u00ebr\u00eb n\u00eb armiq t\u00eb njer\u00ebzve t\u00eb lir\u00eb.<\/p>\n<p>Kan\u00eb vendosur nj\u00eb zon\u00eb sigurie ndaj protestuesve paq\u00ebsor\u00eb.<\/p>\n<p>Por mos mendoni se k\u00ebto lajme nuk do shkojn\u00eb n\u00eb t\u00eb gjitha kancelarit\u00eb e Europ\u00ebs dhe bot\u00ebs.<\/p>\n<p>Z\u00ebri yn\u00eb, z\u00ebri juaj, z\u00ebri i shqiptar\u00ebve q\u00eb luftojn\u00eb p\u00ebr vot\u00ebn e lir\u00eb, do d\u00ebgjohet dhe do ushtoj\u00eb fuqish\u00ebm n\u00eb Europ\u00eb dhe bot\u00eb.<\/p>\n<p>Rrofshi ju, rroft\u00eb opozita shqiptare!<\/p>\n","protected":false},"excerpt":{"rendered":"<p>Gjat\u00eb fjal\u00ebs s\u00eb mbajtur n\u00eb protest\u00ebn kund\u00ebr masakr\u00ebs elektorale nga Edi Rama n\u00eb 11 maj, lideri i opozit\u00ebs, Sali Berisha ka deklaruar se Partia Demokratike dhe opozita ka aleat\u00eb t\u00eb shumt\u00eb n\u00eb betej\u00ebn p\u00ebr vot\u00ebn e lir\u00eb. Berisha tha se, mos mendoni se k\u00ebto lajme nuk do shkojn\u00eb n\u00eb t\u00eb gjitha kancelarit\u00eb e Europ\u00ebs dhe &hellip;<\/p>\n","protected":false},"author":4,"featured_media":114173,"comment_status":"closed","ping_status":"closed","sticky":false,"template":"","format":"standard","meta":{"footnotes":""},"categories":[37],"tags":[],"class_list":["post-114172","post","type-post","status-publish","format-standard","has-post-thumbnail","","category-politike"],"_links":{"self":[{"href":"https:\/\/rdnews.al\/index.php\/wp-json\/wp\/v2\/posts\/114172","targetHints":{"allow":["GET"]}}],"collection":[{"href":"https:\/\/rdnews.al\/index.php\/wp-json\/wp\/v2\/posts"}],"about":[{"href":"https:\/\/rdnews.al\/index.php\/wp-json\/wp\/v2\/types\/post"}],"author":[{"embeddable":true,"href":"https:\/\/rdnews.al\/index.php\/wp-json\/wp\/v2\/users\/4"}],"replies":[{"embeddable":true,"href":"https:\/\/rdnews.al\/index.php\/wp-json\/wp\/v2\/comments?post=114172"}],"version-history":[{"count":1,"href":"https:\/\/rdnews.al\/index.php\/wp-json\/wp\/v2\/posts\/114172\/revisions"}],"predecessor-version":[{"id":114174,"href":"https:\/\/rdnews.al\/index.php\/wp-json\/wp\/v2\/posts\/114172\/revisions\/114174"}],"wp:featuredmedia":[{"embeddable":true,"href":"https:\/\/rdnews.al\/index.php\/wp-json\/wp\/v2\/media\/114173"}],"wp:attachment":[{"href":"https:\/\/rdnews.al\/index.php\/wp-json\/wp\/v2\/media?parent=114172"}],"wp:term":[{"taxonomy":"category","embeddable":true,"href":"https:\/\/rdnews.al\/index.php\/wp-json\/wp\/v2\/categories?post=114172"},{"taxonomy":"post_tag","embeddable":true,"href":"https:\/\/rdnews.al\/index.php\/wp-json\/wp\/v2\/tags?post=114172"}],"curies":[{"name":"wp","href":"https:\/\/api.w.org\/{rel}","templated":true}]}}