{"id":114177,"date":"2025-05-16T17:17:35","date_gmt":"2025-05-16T17:17:35","guid":{"rendered":"https:\/\/rdnews.al\/?p=114177"},"modified":"2025-05-16T17:17:35","modified_gmt":"2025-05-16T17:17:35","slug":"pse-nuk-vizitoi-kampin-e-gjadrit-meloni-pergjigjet-nga-tirana-nuk-kam-kohe-te-shkoj","status":"publish","type":"post","link":"https:\/\/rdnews.al\/index.php\/2025\/05\/16\/pse-nuk-vizitoi-kampin-e-gjadrit-meloni-pergjigjet-nga-tirana-nuk-kam-kohe-te-shkoj\/","title":{"rendered":"Pse nuk vizitoi kampin e Gjadrit? Meloni p\u00ebrgjigjet nga Tirana: Nuk kam koh\u00eb t\u00eb shkoj\u2026"},"content":{"rendered":"<p>Kryeministrja e Italis\u00eb, Giorgia Meloni pritej q\u00eb t\u00eb vizitonte kampin e refugjat\u00ebve n\u00eb Gjad\u00ebr, por kjo nuk ndodhi.<\/p>\n<p>P\u00ebr k\u00ebt\u00eb \u00ebsht\u00eb pyetur nga gazetar\u00ebt n\u00eb nisje t\u00eb Samitit t\u00eb Komunitetit Politik Evropian q\u00eb u mbajt n\u00eb Tiran\u00eb.<\/p>\n<p>Meloni ka deklaruar se nuk ka koh\u00eb, por theksoi se \u201cpo ecim p\u00ebrpara\u201d.<\/p>\n<p>\u201cNuk kam koh\u00eb t\u00eb shkoj, por shpejt\u00ebsia e pun\u00ebs tregon se si funksionojn\u00eb riatdhesimet e emigrant\u00ebve n\u00eb Shqip\u00ebri. Po ecim p\u00ebrpara si\u00e7 \u00ebsht\u00eb premtuar\u201d, tha Meloni.<\/p>\n","protected":false},"excerpt":{"rendered":"<p>Kryeministrja e Italis\u00eb, Giorgia Meloni pritej q\u00eb t\u00eb vizitonte kampin e refugjat\u00ebve n\u00eb Gjad\u00ebr, por kjo nuk ndodhi. P\u00ebr k\u00ebt\u00eb \u00ebsht\u00eb pyetur nga gazetar\u00ebt n\u00eb nisje t\u00eb Samitit t\u00eb Komunitetit Politik Evropian q\u00eb u mbajt n\u00eb Tiran\u00eb. Meloni ka deklaruar se nuk ka koh\u00eb, por theksoi se \u201cpo ecim p\u00ebrpara\u201d. \u201cNuk kam koh\u00eb t\u00eb shkoj, &hellip;<\/p>\n","protected":false},"author":4,"featured_media":114178,"comment_status":"closed","ping_status":"closed","sticky":false,"template":"","format":"standard","meta":{"footnotes":""},"categories":[37],"tags":[],"class_list":["post-114177","post","type-post","status-publish","format-standard","has-post-thumbnail","","category-politike"],"_links":{"self":[{"href":"https:\/\/rdnews.al\/index.php\/wp-json\/wp\/v2\/posts\/114177","targetHints":{"allow":["GET"]}}],"collection":[{"href":"https:\/\/rdnews.al\/index.php\/wp-json\/wp\/v2\/posts"}],"about":[{"href":"https:\/\/rdnews.al\/index.php\/wp-json\/wp\/v2\/types\/post"}],"author":[{"embeddable":true,"href":"https:\/\/rdnews.al\/index.php\/wp-json\/wp\/v2\/users\/4"}],"replies":[{"embeddable":true,"href":"https:\/\/rdnews.al\/index.php\/wp-json\/wp\/v2\/comments?post=114177"}],"version-history":[{"count":1,"href":"https:\/\/rdnews.al\/index.php\/wp-json\/wp\/v2\/posts\/114177\/revisions"}],"predecessor-version":[{"id":114179,"href":"https:\/\/rdnews.al\/index.php\/wp-json\/wp\/v2\/posts\/114177\/revisions\/114179"}],"wp:featuredmedia":[{"embeddable":true,"href":"https:\/\/rdnews.al\/index.php\/wp-json\/wp\/v2\/media\/114178"}],"wp:attachment":[{"href":"https:\/\/rdnews.al\/index.php\/wp-json\/wp\/v2\/media?parent=114177"}],"wp:term":[{"taxonomy":"category","embeddable":true,"href":"https:\/\/rdnews.al\/index.php\/wp-json\/wp\/v2\/categories?post=114177"},{"taxonomy":"post_tag","embeddable":true,"href":"https:\/\/rdnews.al\/index.php\/wp-json\/wp\/v2\/tags?post=114177"}],"curies":[{"name":"wp","href":"https:\/\/api.w.org\/{rel}","templated":true}]}}