{"id":114230,"date":"2025-05-17T11:23:25","date_gmt":"2025-05-17T11:23:25","guid":{"rendered":"https:\/\/rdnews.al\/?p=114230"},"modified":"2025-05-17T11:23:25","modified_gmt":"2025-05-17T11:23:25","slug":"kllounada-5-milione-euro-e-rames-fatura-marramendese-per-samitin-europian","status":"publish","type":"post","link":"https:\/\/rdnews.al\/index.php\/2025\/05\/17\/kllounada-5-milione-euro-e-rames-fatura-marramendese-per-samitin-europian\/","title":{"rendered":"Kllounada 5 milion\u00eb euro e Ram\u00ebs, fatura marramend\u00ebse p\u00ebr Samitin Europian!"},"content":{"rendered":"<p>Nga\u00a0<strong>Boldnews.al<\/strong><\/p>\n<p>Drejtuesit e Bashkimit Europian (BE) dhe krer\u00ebt e disa shteteve t\u00eb r\u00ebnd\u00ebsishme t\u00eb kontinentit e prit\u00ebn me buz\u00ebqeshje gjetjen e kryeministrit Edi Rama, i cili i priti n\u00eb Tiran\u00eb me nj\u00eb shfaqje animacioni, ku figurat kryesore politike Unionit ishin shformuan n\u00eb f\u00ebmij\u00eb, me an\u00ebn e Inteligjenc\u00ebs Artificiale.<\/p>\n<p>Po ashtu, drejtuesit e lart\u00eb nd\u00ebrkomb\u00ebtar\u00eb, t\u00eb cil\u00ebt gjenden n\u00eb Shqip\u00ebri k\u00ebt\u00eb fundjav\u00eb, n\u00eb kuad\u00ebr t\u00eb Samitit t\u00eb Komunitetit Politik Europian, u rreshtuan p\u00ebr t\u00eb v\u00ebn\u00eb firm\u00ebn n\u00eb nj\u00eb flamur t\u00eb shformuar t\u00eb BE-s\u00eb, me siguri, pa e ditur se ai ishte simbol i Partis\u00eb Socialiste s\u00eb Ram\u00ebs n\u00eb zgjedhjet e shum\u00eb-kontestuara parlamentare, t\u00eb zhvilluara vet\u00ebm pak dit\u00eb m\u00eb par\u00eb, n\u00eb 11 Maj 2025.<\/p>\n<p>Sho\u00eb, sa ekzotik, aq edhe anadollak i kryeministrit shqiptar, nisi paraditen e s\u00eb Premtes, ku ai iu ul n\u00eb gjunj\u00eb homologes s\u00eb tij italiane, Xhorxhia Meloni. Dhe, natyrisht, nuk mungonin as atletet, t\u00eb cilat Rama nuk i harron thuajse asnj\u00ebher\u00eb n\u00eb evente t\u00eb r\u00ebnd\u00ebsishme nd\u00ebrkomb\u00ebtare.<\/p>\n<figure id=\"attachment_1548819\" class=\"wp-caption alignnone\" aria-describedby=\"caption-attachment-1548819\"><img loading=\"lazy\" decoding=\"async\" class=\"size-medium wp-image-1548819\" src=\"https:\/\/boldnews.al\/wp-content\/uploads\/2025\/05\/941ad155-11b7-436d-9292-faee4a39933c-640x426.jpg\" sizes=\"auto, (max-width: 640px) 100vw, 640px\" srcset=\"https:\/\/boldnews.al\/wp-content\/uploads\/2025\/05\/941ad155-11b7-436d-9292-faee4a39933c-640x426.jpg 640w, https:\/\/boldnews.al\/wp-content\/uploads\/2025\/05\/941ad155-11b7-436d-9292-faee4a39933c.jpg 734w\" alt=\"\" width=\"640\" height=\"426\" data-pin-no-hover=\"true\" \/><figcaption id=\"caption-attachment-1548819\" class=\"wp-caption-text\"><em>Kryeministri Edi Rama duke iu \u201cp\u00ebrkulur\u201d kryeministres italiane, Xhorxhia Meloni<\/em><\/figcaption><\/figure>\n<p>Natyrisht, ky spektak\u00ebl i tepruar t\u00ebrhoqi kureshtjen e xhaketave t\u00eb zymta t\u00eb Brukselit, NATO-s, Londr\u00ebs e Parisit. T\u00eb mbledhur n\u00eb kryeqytetin shqiptar p\u00ebr nj\u00eb takim me shum\u00eb r\u00ebnd\u00ebsi, ku diskutohej p\u00ebr Sigurin\u00eb e Europ\u00ebs dhe m\u00ebnyrat e reja p\u00ebr t\u00eb p\u00ebrballuar konfliktin vrastar mes Rusis\u00eb dhe Ukrain\u00ebs, pak humor dhe adrenalin\u00eb me ngjyra nuk dukej aspak keq p\u00ebr ta.<\/p>\n<p>T\u00eb m\u00ebsuar n\u00eb ftoht\u00ebsin\u00eb e Brukselit apo t\u00eb zyrave t\u00eb tyre, ata, me shum\u00eb mund\u00ebsi, as nuk e \u00e7ojn\u00eb nd\u00ebrmend t\u00eb kryejn\u00eb shpenzime t\u00eb tepruara p\u00ebr Samite zyrtare. Jo se nuk i d\u00ebshirojn\u00eb k\u00ebto evente, por disiplina e rrept\u00eb financiare, si edhe institucionet e organizatat q\u00eb monitorojn\u00eb p\u00ebrdorimin e fondeve publike, nuk i lejon q\u00eb t\u00eb nd\u00ebrmarrin kapri\u00e7io t\u00eb tilla.<\/p>\n<p>Ndaj, titullar\u00ebt e Bashkimit Europian dhe shteteve kryesore t\u00eb kontinentit ndihen mir\u00eb, kur nj\u00eb vend si Shqip\u00ebria, me nj\u00eb drejtues si Rama, i cili nuk e ka aspak problem q\u00eb t\u00eb shpenzoj\u00eb miliona euro p\u00ebr drita dhe shk\u00eblqim.<\/p>\n<p>N\u00ebn parimin se \u201c<em>po t\u00eb duan t\u00eb mos m\u00eb votojn\u00eb<\/em>\u201d, me kart\u00ebn e fitores s\u00eb kund\u00ebrshtuar t\u00eb zgjedhjeve t\u00eb fundit parlamentare, me institucione kontrolluese dhe t\u00eb drejt\u00ebsis\u00eb n\u00eb nj\u00eb situat\u00eb q\u00eb \u00ebsht\u00eb m\u00eb e pakta t\u2019u thuhet anemike, kryeministri Edi Rama \u00ebsht\u00eb i gatsh\u00ebm t\u00eb shpenzoj\u00eb fondet publike, vet\u00ebm p\u00ebr t\u00eb plot\u00ebsuar p\u00ebr nj\u00eb dit\u00eb t\u00eb vetme ndjenjat e tij narciste.<\/p>\n<p><strong>Kllounada me fatur\u00eb milion\u00ebsh\u00eb<\/strong><\/p>\n<p>E gjith\u00eb kllounada e kreut t\u00eb qeveris\u00eb shqiptare, kushtoi, jo pak, por pes\u00eb milion\u00eb euro m\u00eb e pakta. N\u00eb nj\u00eb vend, ku pensioni mesatar \u00ebsht\u00eb 100 euro, fatura p\u00ebr t\u00eb b\u00ebr\u00eb t\u00eb buz\u00ebqeshur lider\u00ebt europian\u00eb n\u00eb Tiran\u00eb \u00ebsht\u00eb nj\u00eb \u201cmasak\u00ebr\u201d financiare, por edhe sociale e ekonomike.<\/p>\n<p>N\u00eb 4 Prill 2025, K\u00ebshilli i Ministrave, n\u00ebn drejtimin e z\u00ebvend\u00ebses s\u00eb Ram\u00ebs, Belinda Balluku, miratoi vendimin p\u00ebr nj\u00eb shtes\u00eb fondi n\u00eb llogarit\u00eb e disa institucioneve. Fondi ishte rreth 4.6 miliard\u00eb lek\u00eb t\u00eb vjetra ose rreth 4.5 milion\u00eb euro.<\/p>\n<p>Q\u00ebllimi: Shpenzime p\u00ebr organizimin e punimeve t\u00eb Samitit t\u00eb Komunitetit Politik Europian (EPC) n\u00eb dat\u00ebn 16 Maj 2025.<\/p>\n<p>Pjesa m\u00eb e madhe e fondit, rreth 3.5 milion\u00eb euro, kaluan n\u00eb llogarin\u00eb e Drejtoris\u00eb s\u00eb Sh\u00ebrbimeve Qeveritare. Pjesa tjet\u00ebr, rreth 1 milion\u00eb euro, n\u00eb llogarit\u00eb e Ministris\u00eb s\u00eb Brendshme, p\u00ebr t\u2019u shp\u00ebrndar\u00eb n\u00eb m\u00ebnyr\u00eb thuajse t\u00eb barabart\u00eb mes Gard\u00ebs s\u00eb Republik\u00ebs e Ministris\u00eb s\u00eb Brendshme, t\u00eb dyja struktura q\u00eb do t\u00eb angazhoheshin p\u00ebr sigurin\u00eb e Samitit.<\/p>\n<figure id=\"attachment_1548820\" class=\"wp-caption alignnone\" aria-describedby=\"caption-attachment-1548820\"><img loading=\"lazy\" decoding=\"async\" class=\"size-medium wp-image-1548820\" src=\"https:\/\/boldnews.al\/wp-content\/uploads\/2025\/05\/696e3f13-6d84-4af8-91e2-872b977f881f-640x645.jpg\" sizes=\"auto, (max-width: 640px) 100vw, 640px\" srcset=\"https:\/\/boldnews.al\/wp-content\/uploads\/2025\/05\/696e3f13-6d84-4af8-91e2-872b977f881f-640x645.jpg 640w, https:\/\/boldnews.al\/wp-content\/uploads\/2025\/05\/696e3f13-6d84-4af8-91e2-872b977f881f-160x160.jpg 160w, https:\/\/boldnews.al\/wp-content\/uploads\/2025\/05\/696e3f13-6d84-4af8-91e2-872b977f881f-75x75.jpg 75w, https:\/\/boldnews.al\/wp-content\/uploads\/2025\/05\/696e3f13-6d84-4af8-91e2-872b977f881f.jpg 750w\" alt=\"\" width=\"640\" height=\"645\" data-pin-no-hover=\"true\" \/><figcaption id=\"caption-attachment-1548820\" class=\"wp-caption-text\">Vendimi i K\u00ebshillit t\u00eb Ministrave p\u00ebr shpenzimet p\u00ebr Samitin<\/figcaption><\/figure>\n<p>Pas marrjes s\u00eb k\u00ebtij fondit, Drejtoria e Sh\u00ebrbimeve Qeveritare ka shpallur plot 25 procedura prokurimi, natyrisht, n\u00eb kushtet e urgjenc\u00ebs, t\u00eb gjitha jan\u00eb \u201cme negocim\u201d, pra me p\u00ebrzgjedhjen e kompanive nga vet\u00eb institucioni publik.<\/p>\n<p>Shpenzimet e Drejtoris\u00eb s\u00eb Sh\u00ebrbimeve Qeveritare, rreth 3.5 milion\u00eb euro, jan\u00eb t\u00eb gjitha objekte dhe sh\u00ebrbime, t\u00eb cilat nuk jan\u00eb dhe nuk mund t\u00eb kthehen n\u00eb asete t\u00eb q\u00ebndrueshme.<\/p>\n<p>Krahas fatur\u00ebs s\u00eb\u00a0<a href=\"https:\/\/boldnews.al\/2025\/04\/12\/tenderi-i-cmendur-i-sherbimeve-qeveritare-2-3-mln-euro-per-te-marre-konteniere-me-qira\/\" target=\"_blank\" rel=\"noopener\">\u00e7mendur<\/a>\u00a02.3 milion\u00eb euro p\u00ebr blerje kontenier\u00ebsh,\u00a0 shpenzimi i radh\u00ebs me vler\u00eb m\u00eb t\u00eb lart, rreth 80 milion\u00eb lek\u00eb t\u00eb vjetra, \u00ebsht\u00eb p\u00ebr banera nj\u00eb-p\u00ebrdorim\u00ebsh, t\u00eb cil\u00ebt, n\u00eb p\u00ebrfundim t\u00eb Samitit, do t\u00eb p\u00ebrfundojn\u00eb n\u00eb landfillin e tejmbushur t\u00eb Sharr\u00ebs.<\/p>\n<figure id=\"attachment_1548821\" class=\"wp-caption alignnone\" aria-describedby=\"caption-attachment-1548821\"><img loading=\"lazy\" decoding=\"async\" class=\"wp-image-1548821 size-medium\" src=\"https:\/\/boldnews.al\/wp-content\/uploads\/2025\/05\/a85e6928-5cd1-4e04-b82f-9b71dda36cb0-640x526.jpg\" sizes=\"auto, (max-width: 640px) 100vw, 640px\" srcset=\"https:\/\/boldnews.al\/wp-content\/uploads\/2025\/05\/a85e6928-5cd1-4e04-b82f-9b71dda36cb0-640x526.jpg 640w, https:\/\/boldnews.al\/wp-content\/uploads\/2025\/05\/a85e6928-5cd1-4e04-b82f-9b71dda36cb0-750x617.jpg 750w, https:\/\/boldnews.al\/wp-content\/uploads\/2025\/05\/a85e6928-5cd1-4e04-b82f-9b71dda36cb0.jpg 1019w\" alt=\"\" width=\"640\" height=\"526\" data-pin-no-hover=\"true\" \/><figcaption id=\"caption-attachment-1548821\" class=\"wp-caption-text\">Lista me disa nga 25 procedurat tenderuese t\u00eb Drejtoris\u00eb s\u00eb Sh\u00ebrbimeve Qeveritare<\/figcaption><\/figure>\n<p>Nj\u00eb pjes\u00eb e r\u00ebnd\u00ebsishme e fondit shkoi p\u00ebr makina me qera, mbi 70 milion\u00eb lek\u00eb t\u00eb reja. Nd\u00ebrsa, numri m\u00eb i madh i procedurave tenderuese ishte p\u00ebr blerje sh\u00ebrbimi p\u00ebr video, audio, foni dhe, nuk kishte si t\u00eb mungonte, seti i fotografive.<\/p>\n<p>Dhuratat ceremoniale p\u00ebr titullar\u00ebt e Bashkimit Europian dhe vendeve t\u00eb ndryshme t\u00eb kontinentit shkojn\u00eb mbi 30 milion\u00eb lek\u00eb t\u00eb vjetra ose rreth 30 milion\u00eb euro.<\/p>\n<p>Sh\u00ebrbimet e ndri\u00e7imit dhe ekranet LED, n\u00eb t\u00eb cil\u00ebt u shfaq\u00ebn \u201cbebi-lider\u00ebt\u201d kan\u00eb nj\u00eb fatur\u00eb m\u00eb s\u00eb paku 100 mij\u00eb euro.<\/p>\n<p>K\u00ebto jan\u00eb vet\u00ebm pjesa m\u00eb e dukshme e shpenzimeve publike p\u00ebr Samitin Europian, i cili, sipas axhend\u00ebs, nuk ka asnj\u00eb lloj lidhjeje me ndonj\u00eb interes t\u00eb Shqip\u00ebris\u00eb ose, m\u00eb s\u00eb paku, t\u00eb Ballkanit Per\u00ebndimor.<\/p>\n","protected":false},"excerpt":{"rendered":"<p>Nga\u00a0Boldnews.al Drejtuesit e Bashkimit Europian (BE) dhe krer\u00ebt e disa shteteve t\u00eb r\u00ebnd\u00ebsishme t\u00eb kontinentit e prit\u00ebn me buz\u00ebqeshje gjetjen e kryeministrit Edi Rama, i cili i priti n\u00eb Tiran\u00eb me nj\u00eb shfaqje animacioni, ku figurat kryesore politike Unionit ishin shformuan n\u00eb f\u00ebmij\u00eb, me an\u00ebn e Inteligjenc\u00ebs Artificiale. Po ashtu, drejtuesit e lart\u00eb nd\u00ebrkomb\u00ebtar\u00eb, t\u00eb &hellip;<\/p>\n","protected":false},"author":4,"featured_media":114231,"comment_status":"closed","ping_status":"closed","sticky":false,"template":"","format":"standard","meta":{"footnotes":""},"categories":[37],"tags":[],"class_list":["post-114230","post","type-post","status-publish","format-standard","has-post-thumbnail","","category-politike"],"_links":{"self":[{"href":"https:\/\/rdnews.al\/index.php\/wp-json\/wp\/v2\/posts\/114230","targetHints":{"allow":["GET"]}}],"collection":[{"href":"https:\/\/rdnews.al\/index.php\/wp-json\/wp\/v2\/posts"}],"about":[{"href":"https:\/\/rdnews.al\/index.php\/wp-json\/wp\/v2\/types\/post"}],"author":[{"embeddable":true,"href":"https:\/\/rdnews.al\/index.php\/wp-json\/wp\/v2\/users\/4"}],"replies":[{"embeddable":true,"href":"https:\/\/rdnews.al\/index.php\/wp-json\/wp\/v2\/comments?post=114230"}],"version-history":[{"count":1,"href":"https:\/\/rdnews.al\/index.php\/wp-json\/wp\/v2\/posts\/114230\/revisions"}],"predecessor-version":[{"id":114232,"href":"https:\/\/rdnews.al\/index.php\/wp-json\/wp\/v2\/posts\/114230\/revisions\/114232"}],"wp:featuredmedia":[{"embeddable":true,"href":"https:\/\/rdnews.al\/index.php\/wp-json\/wp\/v2\/media\/114231"}],"wp:attachment":[{"href":"https:\/\/rdnews.al\/index.php\/wp-json\/wp\/v2\/media?parent=114230"}],"wp:term":[{"taxonomy":"category","embeddable":true,"href":"https:\/\/rdnews.al\/index.php\/wp-json\/wp\/v2\/categories?post=114230"},{"taxonomy":"post_tag","embeddable":true,"href":"https:\/\/rdnews.al\/index.php\/wp-json\/wp\/v2\/tags?post=114230"}],"curies":[{"name":"wp","href":"https:\/\/api.w.org\/{rel}","templated":true}]}}