{"id":114233,"date":"2025-05-17T11:27:14","date_gmt":"2025-05-17T11:27:14","guid":{"rendered":"https:\/\/rdnews.al\/?p=114233"},"modified":"2025-05-17T11:56:27","modified_gmt":"2025-05-17T11:56:27","slug":"shba-reagon-per-zgjedhjet-jemi-te-vetedijshem-per-akuzat-per-parregullsi-zgjedhesit-duhet-te-votojne-te-pa-intimiduar","status":"publish","type":"post","link":"https:\/\/rdnews.al\/index.php\/2025\/05\/17\/shba-reagon-per-zgjedhjet-jemi-te-vetedijshem-per-akuzat-per-parregullsi-zgjedhesit-duhet-te-votojne-te-pa-intimiduar\/","title":{"rendered":"SHBA reagon p\u00ebr zgjedhjet: Jemi t\u00eb vet\u00ebdijsh\u00ebm p\u00ebr akuzat p\u00ebr parregullsi, zgjedh\u00ebsit duhet t\u00eb votojn\u00eb t\u00eb pa intimiduar"},"content":{"rendered":"<p><strong>Departamenti Amerikan i Shtetit ka reaguar n\u00eb m\u00ebyr\u00eb zyrtare n\u00eb lidhje me fars\u00ebn elektorale t\u00eb 11 majit n\u00eb p\u00ebrgjigje t\u00eb pyetjes q\u00eb i ka drejtuar gazetari, Robert Papa. Papa thot\u00eb se i \u00ebsht\u00eb adresuar Departamentit t\u00eb Shtetit dy her\u00eb p\u00ebr t\u00eb marr\u00eb p\u00ebrgjigje dhe reagimi zyrtar ka ardhur dit\u00ebn e tret\u00eb duke e b\u00ebr\u00eb t\u00eb qart\u00eb se \u201cShtetet e Bashkuara jan\u00eb t\u00eb vet\u00ebdijsh\u00ebm p\u00ebr akuzat p\u00ebr parregullsi n\u00eb zgjedhje dhe se votuesit duhet t\u00eb votonin t\u00eb pa intimiduar\u201d.<\/strong><\/p>\n<p><strong>\u00a0<\/strong><\/p>\n<p><strong>Reagimi i gazetarit Papa<\/strong><\/p>\n<p><strong>\u201cNj\u00eb her\u00eb n\u00eb muaj ose dy her\u00eb n\u00eb muaj kemi t\u00eb drejt\u00ebn t\u00eb pyesim Departamentin e Shtetit p\u00ebr zhvillime t\u00eb cakuara politike. Shpesh her\u00eb p\u00ebrgjigjet e tyre jepen p\u00ebr tu b\u00ebr\u00eb publike dhe her\u00eb t\u00eb tjera jo.\u00a0 K\u00ebsaj here un\u00eb iu adresova Departaentit t\u00eb Shtetit se nuk ka pasur nj\u00eb reagim zyrtar t\u00eb Departamentit t\u00eb Shtetit ndaj zgjedhjeve n\u00eb Shqip\u00ebri n\u00eb nj\u00eb koh\u00eb q\u00eb 4 vite m\u00eb par\u00eb Ambasadorja Kim reagoi duke njohur zgjedhjet ende pa mbaruar votimet. <\/strong><\/p>\n<p><strong>I k\u00ebrkova Departamentit t\u00eb Shtetit q\u00ebndrimin q\u00eb ata kan\u00eb p\u00ebr akuzat p\u00ebr manipulime t\u00eb zgjedhjeve, presione, blerje votash dhe keqp\u00ebrdorimin e administrat\u00ebs publike. <\/strong><\/p>\n<p><strong>Dit\u00ebn e par\u00eb q\u00eb i jam drejtuar nuk kam marr\u00eb nj\u00eb p\u00ebrgjigje nga zyra e Departametit t\u00eb Shtetit. Dit\u00ebn e dyt\u00eb, po ashtu nuk kam marr\u00eb asnj\u00eb p\u00ebrgjigje. \u00a0I jam drejtuar s\u00ebrish dit\u00ebn e tret\u00eb me t\u00eb nj\u00ebjt\u00ebn pyetje.\u00a0 <\/strong><\/p>\n<p><strong>P\u00ebrgjigjja zyrtare q\u00eb m\u00eb ka ardhur nga Departamenti i Shtetit dit\u00ebn e tret\u00eb ka qen\u00eb \u201cJemi t\u00eb vet\u00ebdijsh\u00ebm p\u00ebr akuzat p\u00ebr parregullsi n\u00eb dit\u00ebn e zgjedhjeve n\u00eb Shqip\u00ebri. \u00c7do qytetar duhet t\u00eb jet\u00eb i lir\u00eb t\u00eb ushtroj\u00eb t\u00eb drejt\u00ebn e vot\u00ebs i pa intimiduar dhe n\u00eb p\u00ebrputhje me ligjet shqiptare\u201d. <\/strong><\/p>\n<p><strong>Papa thot\u00eb se p\u00ebrgjigjja e dh\u00ebn\u00eb nga Departamenti i Shtetit e b\u00ebn t\u00eb qart\u00eb se dit\u00ebn e zgjedhjeve votuesit jan\u00eb intimiduar p\u00ebrderisa kjo fjali p\u00ebrmendet n\u00eb p\u00ebrgjijen e Departamentit t\u00eb Shtetit. N\u00ebse nuk do t\u00eb kishte intimidime, at\u00ebhere Depatameti i Shtetit do t\u00eb deklaronte se votuesit ushtruan t\u00eb lir\u00eb t\u00eb drejt\u00ebn e tyre p\u00ebr t\u00eb votuar, gj\u00eb q\u00eb nuk e kan\u00eb b\u00ebr\u00eb. <\/strong><\/p>\n<p><strong>Jemi n\u00eb kushtet e nj\u00eb reagimi t\u00eb qart\u00eb t\u00eb Shteteve t\u00eb Bashkuara p\u00ebr procesin e manipuluar t\u00eb zgjedhjeve t\u00eb 11 majit.\u00a0 Papa sqaron se p\u00ebrse Departameti i Shtetit p\u00ebrmend \u201cn\u00eb p\u00ebrputhje me ligjin\u201d sepse n\u00ebse nj\u00eb forc\u00eb politike fiton 52% t\u00eb votave dhe merr m\u00eb shum\u00eb 80 deputet\u00eb at\u00ebhere k\u00ebtu ka di\u00e7ka q\u00eb nuk shkon. <\/strong><\/p>\n<p><strong>\u00a0<\/strong><\/p>\n<p><strong>\u00a0<\/strong><\/p>\n","protected":false},"excerpt":{"rendered":"<p>Departamenti Amerikan i Shtetit ka reaguar n\u00eb m\u00ebyr\u00eb zyrtare n\u00eb lidhje me fars\u00ebn elektorale t\u00eb 11 majit n\u00eb p\u00ebrgjigje t\u00eb pyetjes q\u00eb i ka drejtuar gazetari, Robert Papa. Papa thot\u00eb se i \u00ebsht\u00eb adresuar Departamentit t\u00eb Shtetit dy her\u00eb p\u00ebr t\u00eb marr\u00eb p\u00ebrgjigje dhe reagimi zyrtar ka ardhur dit\u00ebn e tret\u00eb duke e b\u00ebr\u00eb t\u00eb &hellip;<\/p>\n","protected":false},"author":3,"featured_media":95608,"comment_status":"closed","ping_status":"closed","sticky":false,"template":"","format":"standard","meta":{"footnotes":""},"categories":[40],"tags":[],"class_list":["post-114233","post","type-post","status-publish","format-standard","has-post-thumbnail","","category-aktualitet"],"_links":{"self":[{"href":"https:\/\/rdnews.al\/index.php\/wp-json\/wp\/v2\/posts\/114233","targetHints":{"allow":["GET"]}}],"collection":[{"href":"https:\/\/rdnews.al\/index.php\/wp-json\/wp\/v2\/posts"}],"about":[{"href":"https:\/\/rdnews.al\/index.php\/wp-json\/wp\/v2\/types\/post"}],"author":[{"embeddable":true,"href":"https:\/\/rdnews.al\/index.php\/wp-json\/wp\/v2\/users\/3"}],"replies":[{"embeddable":true,"href":"https:\/\/rdnews.al\/index.php\/wp-json\/wp\/v2\/comments?post=114233"}],"version-history":[{"count":4,"href":"https:\/\/rdnews.al\/index.php\/wp-json\/wp\/v2\/posts\/114233\/revisions"}],"predecessor-version":[{"id":114239,"href":"https:\/\/rdnews.al\/index.php\/wp-json\/wp\/v2\/posts\/114233\/revisions\/114239"}],"wp:featuredmedia":[{"embeddable":true,"href":"https:\/\/rdnews.al\/index.php\/wp-json\/wp\/v2\/media\/95608"}],"wp:attachment":[{"href":"https:\/\/rdnews.al\/index.php\/wp-json\/wp\/v2\/media?parent=114233"}],"wp:term":[{"taxonomy":"category","embeddable":true,"href":"https:\/\/rdnews.al\/index.php\/wp-json\/wp\/v2\/categories?post=114233"},{"taxonomy":"post_tag","embeddable":true,"href":"https:\/\/rdnews.al\/index.php\/wp-json\/wp\/v2\/tags?post=114233"}],"curies":[{"name":"wp","href":"https:\/\/api.w.org\/{rel}","templated":true}]}}