{"id":114295,"date":"2025-05-18T20:58:15","date_gmt":"2025-05-18T20:58:15","guid":{"rendered":"https:\/\/rdnews.al\/?p=114295"},"modified":"2025-05-18T20:58:15","modified_gmt":"2025-05-18T20:58:15","slug":"ish-presidenti-joe-biden-diagnostifikohet-me-kancer-agresiv","status":"publish","type":"post","link":"https:\/\/rdnews.al\/index.php\/2025\/05\/18\/ish-presidenti-joe-biden-diagnostifikohet-me-kancer-agresiv\/","title":{"rendered":"Ish-Presidenti Joe Biden diagnostifikohet me kancer agresiv"},"content":{"rendered":"<p>Ish-Presidenti Joe Biden \u00ebsht\u00eb diagnostikuar me nj\u00eb &#8216;form\u00eb agresive&#8217; t\u00eb kancerit.<\/p>\n<p>Zyra personale e 82-vje\u00e7arit l\u00ebshoi \u200b\u200bnj\u00eb deklarat\u00eb sot (18 maj).<\/p>\n<p>Ajo shkruante: &#8220;Jav\u00ebn e kaluar, Presidenti Joe Biden u vizitua p\u00ebr nj\u00eb zbulim t\u00eb ri t\u00eb nj\u00eb nyjeje t\u00eb prostat\u00ebs pasi p\u00ebrjetoi simptoma n\u00eb rritje t\u00eb urinimit.<\/p>\n<p>&#8220;T\u00eb premten ai u diagnostikua me kancer t\u00eb prostat\u00ebs, i karakterizuar nga nj\u00eb rezultat Gleason prej 9 (Grupi i Grad\u00ebs 5) me metastaz\u00eb n\u00eb kock\u00eb.&#8221;<\/p>\n<p>Deklarata vazhdonte: &#8220;Nd\u00ebrsa kjo p\u00ebrfaq\u00ebson nj\u00eb form\u00eb m\u00eb agresive t\u00eb s\u00ebmundjes, kanceri duket se \u00ebsht\u00eb i ndjesh\u00ebm ndaj hormoneve, gj\u00eb q\u00eb lejon nj\u00eb menaxhim efektiv.<\/p>\n<p>&#8220;Presidenti dhe familja e tij po shqyrtojn\u00eb opsionet e trajtimit me mjek\u00ebt e tij.&#8221;<\/p>\n","protected":false},"excerpt":{"rendered":"<p>Ish-Presidenti Joe Biden \u00ebsht\u00eb diagnostikuar me nj\u00eb &#8216;form\u00eb agresive&#8217; t\u00eb kancerit. Zyra personale e 82-vje\u00e7arit l\u00ebshoi \u200b\u200bnj\u00eb deklarat\u00eb sot (18 maj). Ajo shkruante: &#8220;Jav\u00ebn e kaluar, Presidenti Joe Biden u vizitua p\u00ebr nj\u00eb zbulim t\u00eb ri t\u00eb nj\u00eb nyjeje t\u00eb prostat\u00ebs pasi p\u00ebrjetoi simptoma n\u00eb rritje t\u00eb urinimit. &#8220;T\u00eb premten ai u diagnostikua me kancer &hellip;<\/p>\n","protected":false},"author":3,"featured_media":34727,"comment_status":"closed","ping_status":"closed","sticky":false,"template":"","format":"standard","meta":{"footnotes":""},"categories":[38],"tags":[],"class_list":["post-114295","post","type-post","status-publish","format-standard","has-post-thumbnail","","category-bota"],"_links":{"self":[{"href":"https:\/\/rdnews.al\/index.php\/wp-json\/wp\/v2\/posts\/114295","targetHints":{"allow":["GET"]}}],"collection":[{"href":"https:\/\/rdnews.al\/index.php\/wp-json\/wp\/v2\/posts"}],"about":[{"href":"https:\/\/rdnews.al\/index.php\/wp-json\/wp\/v2\/types\/post"}],"author":[{"embeddable":true,"href":"https:\/\/rdnews.al\/index.php\/wp-json\/wp\/v2\/users\/3"}],"replies":[{"embeddable":true,"href":"https:\/\/rdnews.al\/index.php\/wp-json\/wp\/v2\/comments?post=114295"}],"version-history":[{"count":1,"href":"https:\/\/rdnews.al\/index.php\/wp-json\/wp\/v2\/posts\/114295\/revisions"}],"predecessor-version":[{"id":114296,"href":"https:\/\/rdnews.al\/index.php\/wp-json\/wp\/v2\/posts\/114295\/revisions\/114296"}],"wp:featuredmedia":[{"embeddable":true,"href":"https:\/\/rdnews.al\/index.php\/wp-json\/wp\/v2\/media\/34727"}],"wp:attachment":[{"href":"https:\/\/rdnews.al\/index.php\/wp-json\/wp\/v2\/media?parent=114295"}],"wp:term":[{"taxonomy":"category","embeddable":true,"href":"https:\/\/rdnews.al\/index.php\/wp-json\/wp\/v2\/categories?post=114295"},{"taxonomy":"post_tag","embeddable":true,"href":"https:\/\/rdnews.al\/index.php\/wp-json\/wp\/v2\/tags?post=114295"}],"curies":[{"name":"wp","href":"https:\/\/api.w.org\/{rel}","templated":true}]}}