{"id":114300,"date":"2025-05-18T21:28:02","date_gmt":"2025-05-18T21:28:02","guid":{"rendered":"https:\/\/rdnews.al\/?p=114300"},"modified":"2025-05-18T21:28:02","modified_gmt":"2025-05-18T21:28:02","slug":"themeluesi-i-telegram-akuzon-francen-per-zgjedhjet-ne-rumani-me-kerkuan-ti-mbyll-gojen-konservatoreve","status":"publish","type":"post","link":"https:\/\/rdnews.al\/index.php\/2025\/05\/18\/themeluesi-i-telegram-akuzon-francen-per-zgjedhjet-ne-rumani-me-kerkuan-ti-mbyll-gojen-konservatoreve\/","title":{"rendered":"Themeluesi i &#8220;Telegram&#8221; akuzon Franc\u00ebn p\u00ebr zgjedhjet n\u00eb Rumani: M\u00eb k\u00ebrkuan ti mbyll goj\u00ebn konservator\u00ebve"},"content":{"rendered":"<p><strong>Themeluesi i aplikacionit t\u00eb mesazheve Telegram, Pavel Durov, akuzoi sot \u2013 pa p\u00ebrmendur emra konkret\u00eb \u2013 Franc\u00ebn se ka tentuar t\u00eb nd\u00ebrhyj\u00eb n\u00eb zgjedhjet presidenciale n\u00eb Rumani duke k\u00ebrkuar fshirjen e disa mesazheve \u201ckonservatore\u201d. Qeveria franceze e ka mohuar kategorikisht k\u00ebt\u00eb akuz\u00eb.<\/strong><\/p>\n<p>N\u00eb nj\u00eb mesazh t\u00eb publikuar n\u00eb Telegram, biznesmeni 40-vje\u00e7ar, rus me shtet\u00ebsi franceze q\u00eb nga viti 2021, shkroi se nj\u00eb \u201cqeveri e Evrop\u00ebs Per\u00ebndimore\u201d (duke shtuar nj\u00eb ikon\u00eb buke baget\u00eb p\u00ebr t\u00eb n\u00ebnkuptuar Franc\u00ebn), ka kontaktuar Telegramin p\u00ebr t\u00eb heshtur z\u00ebrat konservator\u00eb n\u00eb Rumani para zgjedhjeve presidenciale t\u00eb sotme.<img loading=\"lazy\" decoding=\"async\" src=\"https:\/\/ads2.panorama.com.al\/www\/delivery\/lg.php?bannerid=0&amp;campaignid=0&amp;zoneid=1084&amp;loc=https%3A%2F%2Fwww.panorama.com.al%2Fthemeluesi-i-telegram-it-akuzon-parisin-per-nderhyrje-ne-zgjedhjet-rumune-me-kerkuan-te-hesht-zerat-konservatore-franca-mohon-pretendimet%2F&amp;referer=https%3A%2F%2Fwww.panorama.com.al%2F&amp;cb=71299d7b8a\" alt=\"\" width=\"0\" height=\"0\" \/><\/p>\n<p><em>\u201cE refuzova n\u00eb m\u00ebnyr\u00eb kategorike. Telegram nuk do t\u00eb kufizoj\u00eb lirit\u00eb e p\u00ebrdoruesve rumun\u00eb, dhe nuk do t\u00eb bllokoj\u00eb kanalet e tyre politike\u201d, deklaroi Durov.<\/em><\/p>\n<p>Nd\u00ebrkoh\u00eb, ai \u00ebsht\u00eb n\u00ebn hetim n\u00eb Franc\u00eb q\u00eb nga gushti, p\u00ebr disa akuza t\u00eb lidhura me krimin e organizuar, p\u00ebr shkak se \u2013 sipas drejt\u00ebsis\u00eb franceze \u2013 Telegram nuk ka nd\u00ebrmarr\u00eb veprime kund\u00ebr p\u00ebrhapjes s\u00eb p\u00ebrmbajtjeve kriminale n\u00eb platform\u00eb.<\/p>\n<p>N\u00eb reagimin e saj n\u00eb rrjetin social X, Ministria e Jashtme e Franc\u00ebs hodhi posht\u00eb si krejt\u00ebsisht t\u00eb pabaza pretendimet e Durov.<\/p>\n<p><em>\u201cFranca i refuzon kategorikisht k\u00ebto pretendime dhe u b\u00ebn thirrje t\u00eb gjith\u00ebve t\u00eb veprojn\u00eb me p\u00ebrgjegj\u00ebsi dhe t\u00eb respektojn\u00eb demokracin\u00eb rumune\u201d, tha Ministria.<\/em><\/p>\n<p>Gjithashtu shtoi:\u201cAkuzat e fundit ndaj Franc\u00ebs jan\u00eb thjesht nj\u00eb manov\u00ebr shp\u00ebrqendrimi nga k\u00ebrc\u00ebnimet e v\u00ebrteta t\u00eb nd\u00ebrhyrjes q\u00eb po p\u00ebrballon Rumania. Franca u b\u00ebn thirrje t\u00eb gjith\u00eb aktor\u00ebve politik\u00eb rumun\u00eb t\u00eb tregojn\u00eb p\u00ebrgjegj\u00ebsi dhe t\u00eb mbrojn\u00eb demokracin\u00eb.\u201d<\/p>\n","protected":false},"excerpt":{"rendered":"<p>Themeluesi i aplikacionit t\u00eb mesazheve Telegram, Pavel Durov, akuzoi sot \u2013 pa p\u00ebrmendur emra konkret\u00eb \u2013 Franc\u00ebn se ka tentuar t\u00eb nd\u00ebrhyj\u00eb n\u00eb zgjedhjet presidenciale n\u00eb Rumani duke k\u00ebrkuar fshirjen e disa mesazheve \u201ckonservatore\u201d. Qeveria franceze e ka mohuar kategorikisht k\u00ebt\u00eb akuz\u00eb. N\u00eb nj\u00eb mesazh t\u00eb publikuar n\u00eb Telegram, biznesmeni 40-vje\u00e7ar, rus me shtet\u00ebsi franceze &hellip;<\/p>\n","protected":false},"author":3,"featured_media":114301,"comment_status":"closed","ping_status":"closed","sticky":false,"template":"","format":"standard","meta":{"footnotes":""},"categories":[38],"tags":[],"class_list":["post-114300","post","type-post","status-publish","format-standard","has-post-thumbnail","","category-bota"],"_links":{"self":[{"href":"https:\/\/rdnews.al\/index.php\/wp-json\/wp\/v2\/posts\/114300","targetHints":{"allow":["GET"]}}],"collection":[{"href":"https:\/\/rdnews.al\/index.php\/wp-json\/wp\/v2\/posts"}],"about":[{"href":"https:\/\/rdnews.al\/index.php\/wp-json\/wp\/v2\/types\/post"}],"author":[{"embeddable":true,"href":"https:\/\/rdnews.al\/index.php\/wp-json\/wp\/v2\/users\/3"}],"replies":[{"embeddable":true,"href":"https:\/\/rdnews.al\/index.php\/wp-json\/wp\/v2\/comments?post=114300"}],"version-history":[{"count":1,"href":"https:\/\/rdnews.al\/index.php\/wp-json\/wp\/v2\/posts\/114300\/revisions"}],"predecessor-version":[{"id":114302,"href":"https:\/\/rdnews.al\/index.php\/wp-json\/wp\/v2\/posts\/114300\/revisions\/114302"}],"wp:featuredmedia":[{"embeddable":true,"href":"https:\/\/rdnews.al\/index.php\/wp-json\/wp\/v2\/media\/114301"}],"wp:attachment":[{"href":"https:\/\/rdnews.al\/index.php\/wp-json\/wp\/v2\/media?parent=114300"}],"wp:term":[{"taxonomy":"category","embeddable":true,"href":"https:\/\/rdnews.al\/index.php\/wp-json\/wp\/v2\/categories?post=114300"},{"taxonomy":"post_tag","embeddable":true,"href":"https:\/\/rdnews.al\/index.php\/wp-json\/wp\/v2\/tags?post=114300"}],"curies":[{"name":"wp","href":"https:\/\/api.w.org\/{rel}","templated":true}]}}