{"id":114303,"date":"2025-05-19T08:08:26","date_gmt":"2025-05-19T08:08:26","guid":{"rendered":"https:\/\/rdnews.al\/?p=114303"},"modified":"2025-05-19T08:08:26","modified_gmt":"2025-05-19T08:08:26","slug":"berisha-takon-mcallister-diskutuam-per-farsen-elektorale-te-11-majit-2025","status":"publish","type":"post","link":"https:\/\/rdnews.al\/index.php\/2025\/05\/19\/berisha-takon-mcallister-diskutuam-per-farsen-elektorale-te-11-majit-2025\/","title":{"rendered":"Berisha takon McAllister: Diskutuam p\u00ebr fars\u00ebn elektorale t\u00eb 11 majit 2025"},"content":{"rendered":"<p>Lideri i opozit\u00ebs, Sali Berisha \u00ebsht\u00eb takuar gjat\u00eb Samitit t\u00eb IDU-s\u00eb n\u00eb Bruksel me Kryetarin e Komitetit p\u00ebr Pun\u00ebt e Jashtme t\u00eb Parlamentit Europian, David McAllister.<\/p>\n<p>N\u00eb postimin e tij n\u00eb Facebook, Berisha ka publikuar nj\u00eb foto gjat\u00eb diskutimit me McAllister p\u00ebr p\u00ebr fars\u00ebn elektorale t\u00eb 11 Maj 2025 n\u00eb Shqip\u00ebri.<\/p>\n<p>\u201cN\u00eb Samitin e Unionit Nd\u00ebrkomb\u00ebtar Demokratik (IDU) n\u00eb Bruksel me Kryetarin e Komitetit p\u00ebr Pun\u00ebt e Jashtme t\u00eb Parlamentit Europian, David McAllister duke diskutuar p\u00ebr fars\u00ebn elektorale t\u00eb 11 Maj 2025 n\u00eb Shqip\u00ebri\u201d,\u00a0shkruan Berisha.<\/p>\n<div class=\"fotogaleri\">\n<div class=\"bx-wrapper\">\n<div class=\"bx-viewport\">\n<ul class=\"read-slider\">\n<li><a href=\"https:\/\/www.syri.net\/fotogaleria\/788911\/ne-samitin-e-idu-berisha-takohet-me-mcallister-diskutuam-per-farsen-elektorale-te-11-majit-2025\/\" target=\"_blank\" rel=\"noopener\"><img decoding=\"async\" src=\"https:\/\/www.syri.net\/uploads\/syri.net\/images\/2025\/May\/18\/auto_499509685_1439586697522428_8198497687123227490_n1747586468.jpg\" \/><\/a><\/li>\n<\/ul>\n<\/div>\n<\/div>\n<\/div>\n","protected":false},"excerpt":{"rendered":"<p>Lideri i opozit\u00ebs, Sali Berisha \u00ebsht\u00eb takuar gjat\u00eb Samitit t\u00eb IDU-s\u00eb n\u00eb Bruksel me Kryetarin e Komitetit p\u00ebr Pun\u00ebt e Jashtme t\u00eb Parlamentit Europian, David McAllister. N\u00eb postimin e tij n\u00eb Facebook, Berisha ka publikuar nj\u00eb foto gjat\u00eb diskutimit me McAllister p\u00ebr p\u00ebr fars\u00ebn elektorale t\u00eb 11 Maj 2025 n\u00eb Shqip\u00ebri. \u201cN\u00eb Samitin e Unionit &hellip;<\/p>\n","protected":false},"author":4,"featured_media":114304,"comment_status":"closed","ping_status":"closed","sticky":false,"template":"","format":"standard","meta":{"footnotes":""},"categories":[37],"tags":[],"class_list":["post-114303","post","type-post","status-publish","format-standard","has-post-thumbnail","","category-politike"],"_links":{"self":[{"href":"https:\/\/rdnews.al\/index.php\/wp-json\/wp\/v2\/posts\/114303","targetHints":{"allow":["GET"]}}],"collection":[{"href":"https:\/\/rdnews.al\/index.php\/wp-json\/wp\/v2\/posts"}],"about":[{"href":"https:\/\/rdnews.al\/index.php\/wp-json\/wp\/v2\/types\/post"}],"author":[{"embeddable":true,"href":"https:\/\/rdnews.al\/index.php\/wp-json\/wp\/v2\/users\/4"}],"replies":[{"embeddable":true,"href":"https:\/\/rdnews.al\/index.php\/wp-json\/wp\/v2\/comments?post=114303"}],"version-history":[{"count":1,"href":"https:\/\/rdnews.al\/index.php\/wp-json\/wp\/v2\/posts\/114303\/revisions"}],"predecessor-version":[{"id":114305,"href":"https:\/\/rdnews.al\/index.php\/wp-json\/wp\/v2\/posts\/114303\/revisions\/114305"}],"wp:featuredmedia":[{"embeddable":true,"href":"https:\/\/rdnews.al\/index.php\/wp-json\/wp\/v2\/media\/114304"}],"wp:attachment":[{"href":"https:\/\/rdnews.al\/index.php\/wp-json\/wp\/v2\/media?parent=114303"}],"wp:term":[{"taxonomy":"category","embeddable":true,"href":"https:\/\/rdnews.al\/index.php\/wp-json\/wp\/v2\/categories?post=114303"},{"taxonomy":"post_tag","embeddable":true,"href":"https:\/\/rdnews.al\/index.php\/wp-json\/wp\/v2\/tags?post=114303"}],"curies":[{"name":"wp","href":"https:\/\/api.w.org\/{rel}","templated":true}]}}