{"id":114306,"date":"2025-05-19T08:15:59","date_gmt":"2025-05-19T08:15:59","guid":{"rendered":"https:\/\/rdnews.al\/?p=114306"},"modified":"2025-05-19T08:15:59","modified_gmt":"2025-05-19T08:15:59","slug":"berisha-paraqitet-ne-spak","status":"publish","type":"post","link":"https:\/\/rdnews.al\/index.php\/2025\/05\/19\/berisha-paraqitet-ne-spak\/","title":{"rendered":"Berisha paraqitet n\u00eb SPAK"},"content":{"rendered":"<p>Kryetari i PD, Sali Berisha \u00ebsht\u00eb paraqitur n\u00eb SPAK para pak \u00e7astesh. Lideri i opozit\u00ebs ndodhet n\u00eb ambientet e Prokuroris\u00eb s\u00eb Posa\u00e7me n\u00eb zbatim t\u00eb mas\u00ebs s\u00eb siguris\u00eb detyrim paraqitje, t\u00eb caktuar nga GJKKO.<\/p>\n<p>Berisha \u00ebsht\u00eb pritur n\u00eb hyrje t\u00eb SPAK nga mb\u00ebshtet\u00ebs t\u00eb tij dhe simpatizant\u00eb t\u00eb PD.<\/p>\n<p>Her\u00ebn e fundit q\u00eb Berisha ishte n\u00eb SPAK, t\u00eb h\u00ebn\u00ebn e par\u00eb t\u00eb majit, kreu i PD hodhi akuza n\u00eb drejtim t\u00eb Prokuroris\u00eb s\u00eb Posa\u00e7me dhe gjyqtares me tre mbiemra Irena Gjoka.<\/p>\n<p>&nbsp;<\/p>\n","protected":false},"excerpt":{"rendered":"<p>Kryetari i PD, Sali Berisha \u00ebsht\u00eb paraqitur n\u00eb SPAK para pak \u00e7astesh. Lideri i opozit\u00ebs ndodhet n\u00eb ambientet e Prokuroris\u00eb s\u00eb Posa\u00e7me n\u00eb zbatim t\u00eb mas\u00ebs s\u00eb siguris\u00eb detyrim paraqitje, t\u00eb caktuar nga GJKKO. Berisha \u00ebsht\u00eb pritur n\u00eb hyrje t\u00eb SPAK nga mb\u00ebshtet\u00ebs t\u00eb tij dhe simpatizant\u00eb t\u00eb PD. Her\u00ebn e fundit q\u00eb Berisha ishte &hellip;<\/p>\n","protected":false},"author":4,"featured_media":114307,"comment_status":"closed","ping_status":"closed","sticky":false,"template":"","format":"standard","meta":{"footnotes":""},"categories":[37],"tags":[],"class_list":["post-114306","post","type-post","status-publish","format-standard","has-post-thumbnail","","category-politike"],"_links":{"self":[{"href":"https:\/\/rdnews.al\/index.php\/wp-json\/wp\/v2\/posts\/114306","targetHints":{"allow":["GET"]}}],"collection":[{"href":"https:\/\/rdnews.al\/index.php\/wp-json\/wp\/v2\/posts"}],"about":[{"href":"https:\/\/rdnews.al\/index.php\/wp-json\/wp\/v2\/types\/post"}],"author":[{"embeddable":true,"href":"https:\/\/rdnews.al\/index.php\/wp-json\/wp\/v2\/users\/4"}],"replies":[{"embeddable":true,"href":"https:\/\/rdnews.al\/index.php\/wp-json\/wp\/v2\/comments?post=114306"}],"version-history":[{"count":1,"href":"https:\/\/rdnews.al\/index.php\/wp-json\/wp\/v2\/posts\/114306\/revisions"}],"predecessor-version":[{"id":114308,"href":"https:\/\/rdnews.al\/index.php\/wp-json\/wp\/v2\/posts\/114306\/revisions\/114308"}],"wp:featuredmedia":[{"embeddable":true,"href":"https:\/\/rdnews.al\/index.php\/wp-json\/wp\/v2\/media\/114307"}],"wp:attachment":[{"href":"https:\/\/rdnews.al\/index.php\/wp-json\/wp\/v2\/media?parent=114306"}],"wp:term":[{"taxonomy":"category","embeddable":true,"href":"https:\/\/rdnews.al\/index.php\/wp-json\/wp\/v2\/categories?post=114306"},{"taxonomy":"post_tag","embeddable":true,"href":"https:\/\/rdnews.al\/index.php\/wp-json\/wp\/v2\/tags?post=114306"}],"curies":[{"name":"wp","href":"https:\/\/api.w.org\/{rel}","templated":true}]}}