{"id":114312,"date":"2025-05-19T08:29:34","date_gmt":"2025-05-19T08:29:34","guid":{"rendered":"https:\/\/rdnews.al\/?p=114312"},"modified":"2025-05-19T08:29:34","modified_gmt":"2025-05-19T08:29:34","slug":"berisha-dumanit-qendrimi-mbrojtes-ndaj-krimit-elektoral-perben-nje-krim-te-rende-antikushtetues","status":"publish","type":"post","link":"https:\/\/rdnews.al\/index.php\/2025\/05\/19\/berisha-dumanit-qendrimi-mbrojtes-ndaj-krimit-elektoral-perben-nje-krim-te-rende-antikushtetues\/","title":{"rendered":"Berisha-Dumanit: Q\u00ebndrimi mbrojt\u00ebs ndaj krimit elektoral p\u00ebrb\u00ebn nj\u00eb krim t\u00eb r\u00ebnd\u00eb, antikushtetues"},"content":{"rendered":"<p>Kryetari i PD, Slai Berisha pas paraqitjes s\u00eb tij n\u00eb SPAK, n\u00eb kuad\u00ebr t\u00eb procesit politik t\u00eb iniciuar ndaj tij, nuk ka ngurruar t\u2019i l\u00ebr\u00eb nj\u00eb sh\u00ebnim drejtuesit t\u00eb Prokuroris\u00eb s\u00eb Posa\u00e7me, Altin Dumani, pas masakr\u00ebs elektorale t\u00eb 11 majit.<\/p>\n<p>N\u00eb nj\u00eb dalje p\u00ebr mediat nga SPAK, Berisha i kutjoi Dumanit, p\u00ebrmes\u00a0sh\u00ebnimit t\u00eb l\u00ebn\u00eb ndaj k\u00ebtij t\u00eb fundit, se q\u00ebndrimi mbrojt\u00ebs ndaj krimit elektoral, sipas tij p\u00ebrb\u00ebn nj\u00eb vep\u00ebr t\u00eb r\u00ebnd\u00eb dhe \u00ebsht\u00eb n\u00eb kund\u00ebrshtim me Kushtetut\u00ebn e vendit.<\/p>\n<p>\u201cQ\u00ebndrimi mbrojt\u00ebs ndaj krimit elektoral i Altin Dumanit, p\u00ebrb\u00ebn nj\u00eb krim t\u00eb r\u00ebnd\u00eb antikushtetues n\u00eb sh\u00ebrbim t\u00eb narkoshtetit dhe kreut t\u00eb tij, Edi Rama. Kjo \u00ebsht\u00eb deklarata q\u00eb un\u00eb i lash\u00eb kreut t\u00eb Skapit\u201d, u shpreh Berisha.<\/p>\n","protected":false},"excerpt":{"rendered":"<p>Kryetari i PD, Slai Berisha pas paraqitjes s\u00eb tij n\u00eb SPAK, n\u00eb kuad\u00ebr t\u00eb procesit politik t\u00eb iniciuar ndaj tij, nuk ka ngurruar t\u2019i l\u00ebr\u00eb nj\u00eb sh\u00ebnim drejtuesit t\u00eb Prokuroris\u00eb s\u00eb Posa\u00e7me, Altin Dumani, pas masakr\u00ebs elektorale t\u00eb 11 majit. N\u00eb nj\u00eb dalje p\u00ebr mediat nga SPAK, Berisha i kutjoi Dumanit, p\u00ebrmes\u00a0sh\u00ebnimit t\u00eb l\u00ebn\u00eb ndaj &hellip;<\/p>\n","protected":false},"author":4,"featured_media":106273,"comment_status":"closed","ping_status":"closed","sticky":false,"template":"","format":"standard","meta":{"footnotes":""},"categories":[37],"tags":[],"class_list":["post-114312","post","type-post","status-publish","format-standard","has-post-thumbnail","","category-politike"],"_links":{"self":[{"href":"https:\/\/rdnews.al\/index.php\/wp-json\/wp\/v2\/posts\/114312","targetHints":{"allow":["GET"]}}],"collection":[{"href":"https:\/\/rdnews.al\/index.php\/wp-json\/wp\/v2\/posts"}],"about":[{"href":"https:\/\/rdnews.al\/index.php\/wp-json\/wp\/v2\/types\/post"}],"author":[{"embeddable":true,"href":"https:\/\/rdnews.al\/index.php\/wp-json\/wp\/v2\/users\/4"}],"replies":[{"embeddable":true,"href":"https:\/\/rdnews.al\/index.php\/wp-json\/wp\/v2\/comments?post=114312"}],"version-history":[{"count":1,"href":"https:\/\/rdnews.al\/index.php\/wp-json\/wp\/v2\/posts\/114312\/revisions"}],"predecessor-version":[{"id":114313,"href":"https:\/\/rdnews.al\/index.php\/wp-json\/wp\/v2\/posts\/114312\/revisions\/114313"}],"wp:featuredmedia":[{"embeddable":true,"href":"https:\/\/rdnews.al\/index.php\/wp-json\/wp\/v2\/media\/106273"}],"wp:attachment":[{"href":"https:\/\/rdnews.al\/index.php\/wp-json\/wp\/v2\/media?parent=114312"}],"wp:term":[{"taxonomy":"category","embeddable":true,"href":"https:\/\/rdnews.al\/index.php\/wp-json\/wp\/v2\/categories?post=114312"},{"taxonomy":"post_tag","embeddable":true,"href":"https:\/\/rdnews.al\/index.php\/wp-json\/wp\/v2\/tags?post=114312"}],"curies":[{"name":"wp","href":"https:\/\/api.w.org\/{rel}","templated":true}]}}