{"id":114323,"date":"2025-05-19T09:00:00","date_gmt":"2025-05-19T09:00:00","guid":{"rendered":"https:\/\/rdnews.al\/?p=114323"},"modified":"2025-05-19T09:00:00","modified_gmt":"2025-05-19T09:00:00","slug":"berisha-mediat-kane-dhene-kontribut-te-cmuar-ne-denoncimin-e-farses-elektorale-por-situata-ne-protesta-eshte-delikate","status":"publish","type":"post","link":"https:\/\/rdnews.al\/index.php\/2025\/05\/19\/berisha-mediat-kane-dhene-kontribut-te-cmuar-ne-denoncimin-e-farses-elektorale-por-situata-ne-protesta-eshte-delikate\/","title":{"rendered":"Berisha: Mediat kan\u00eb dh\u00ebn\u00eb kontribut t\u00eb \u00e7muar n\u00eb denoncimin e fars\u00ebs elektorale, por situata n\u00eb protesta \u00ebsht\u00eb delikate"},"content":{"rendered":"<p>Lideri i opozit\u00ebs, Sali Berisha, n\u00eb nj\u00eb deklarat\u00eb p\u00ebr mediat p\u00ebrpara godin\u00ebs s\u00eb SPKA, tha se, mediat kan\u00eb dh\u00ebn\u00eb kontribut t\u00eb \u00e7muar n\u00eb denoncimin e fars\u00ebs elektorale.<\/p>\n<p>\u201cTani, meq\u00eb m\u00eb pyet, personalisht si\u00e7 e di, kam fal\u00ebnderuar me sinqeritet, n\u00eb m\u00ebnyr\u00eb t\u00eb p\u00ebrs\u00ebritur gazetar\u00ebt p\u00ebr kontributin q\u00eb kan\u00eb dh\u00ebn\u00eb p\u00ebr denoncimin e fars\u00ebs elektorale. Ai ka qen\u00eb kontribut i \u00e7muar dhe un\u00eb e vler\u00ebsoj shum\u00eb.<\/p>\n<p>Ato kronika t\u00eb tyre kan\u00eb qen\u00eb dhe jan\u00eb jasht\u00ebzakonisht t\u00eb \u00e7muara.<\/p>\n<p>Nga ana tjet\u00ebr meq\u00eb m\u00eb pyet, t\u00eb sugjeroj miq\u00ebsisht t\u00eb lexosh raportet e OSBE-s\u00eb se \u00e7far\u00eb thon\u00eb p\u00ebr mediat n\u00eb Shqip\u00ebri. Ato thon\u00eb se mediat u soll\u00ebn si n\u00eb diktatur\u00eb.<\/p>\n<p>Kjo, absolutisht jo gazetar\u00ebt e kronik\u00ebs, ja k\u00ebtu un\u00eb i p\u00ebrjashtoj.<\/p>\n<p>Un\u00eb i p\u00ebrjashtoj k\u00ebtu gazetar\u00ebt e kronik\u00ebs nga ky klasifikim, pasi ka prej tyre q\u00eb kan\u00eb rrezikuar shum\u00eb veten me raportimet q\u00eb kan\u00eb b\u00ebr\u00eb me guxim dhe trim\u00ebri. Por n\u00eb t\u00ebr\u00ebsi gjendja e medieve \u00ebsht\u00eb sh\u00ebmb\u00eblltyr\u00eb e medieve n\u00eb diktatur\u00eb.<\/p>\n<p>E thot\u00eb raporti, un\u00eb nuk kam lexuar ndonj\u00eb raport t\u00eb till\u00eb tjet\u00ebr.<\/p>\n<p>Tani vijm\u00eb tek episodi, un\u00eb nuk e kam parasysh t\u00eb gjith\u00eb, por jam absolutisht p\u00ebr respektimin e gazetar\u00ebve.<\/p>\n<p>Dhe ju, n\u00eb qoft\u00eb se n\u00eb an\u00ebn tjet\u00ebr n\u00eb 3 muaj, nuk b\u00ebnit dot nj\u00eb pyetje, n\u00eb k\u00ebt\u00eb an\u00eb keni b\u00ebr\u00eb \u00e7far\u00eb pyetje dhe keni marr\u00eb p\u00ebrgjigje p\u00ebr \u00e7far\u00eb keni dashur.<\/p>\n<p>Por cilido politikan duhet t\u00eb ket\u00eb nj\u00eb kujdes t\u00eb ve\u00e7ant\u00eb n\u00eb marr\u00ebdh\u00ebniet me gazetarin.<\/p>\n<p>Sikund\u00ebr n\u00eb protesta, kur ka nj\u00eb kauz\u00eb, besoj se gazetari duhet t\u00eb ket\u00eb n\u00eb qoft\u00eb se nuk e mb\u00ebshtet protest\u00ebn dhe nuk ka asnj\u00eb detyrim t\u00eb mb\u00ebshtes\u00eb protest\u00ebn, nuk duhet t\u00eb marr\u00eb porosi dhe t\u00eb zbatoj\u00eb porosi t\u00eb cilat nuk \u00ebsht\u00eb vendi p\u00ebr t\u2019i zbatuar aty se mund t\u00eb krijoj\u00eb gjaknxeht\u00ebsira dhe gj\u00ebra t\u00eb pap\u00eblqyera. Por marr\u00ebdh\u00ebniet me PD ju i keni pasur n\u00eb t\u00ebr\u00ebsi m\u00eb normale se me \u00e7do forc\u00eb politike\u201d, tha Berisha.<\/p>\n","protected":false},"excerpt":{"rendered":"<p>Lideri i opozit\u00ebs, Sali Berisha, n\u00eb nj\u00eb deklarat\u00eb p\u00ebr mediat p\u00ebrpara godin\u00ebs s\u00eb SPKA, tha se, mediat kan\u00eb dh\u00ebn\u00eb kontribut t\u00eb \u00e7muar n\u00eb denoncimin e fars\u00ebs elektorale. \u201cTani, meq\u00eb m\u00eb pyet, personalisht si\u00e7 e di, kam fal\u00ebnderuar me sinqeritet, n\u00eb m\u00ebnyr\u00eb t\u00eb p\u00ebrs\u00ebritur gazetar\u00ebt p\u00ebr kontributin q\u00eb kan\u00eb dh\u00ebn\u00eb p\u00ebr denoncimin e fars\u00ebs elektorale. Ai &hellip;<\/p>\n","protected":false},"author":4,"featured_media":114324,"comment_status":"closed","ping_status":"closed","sticky":false,"template":"","format":"standard","meta":{"footnotes":""},"categories":[37],"tags":[],"class_list":["post-114323","post","type-post","status-publish","format-standard","has-post-thumbnail","","category-politike"],"_links":{"self":[{"href":"https:\/\/rdnews.al\/index.php\/wp-json\/wp\/v2\/posts\/114323","targetHints":{"allow":["GET"]}}],"collection":[{"href":"https:\/\/rdnews.al\/index.php\/wp-json\/wp\/v2\/posts"}],"about":[{"href":"https:\/\/rdnews.al\/index.php\/wp-json\/wp\/v2\/types\/post"}],"author":[{"embeddable":true,"href":"https:\/\/rdnews.al\/index.php\/wp-json\/wp\/v2\/users\/4"}],"replies":[{"embeddable":true,"href":"https:\/\/rdnews.al\/index.php\/wp-json\/wp\/v2\/comments?post=114323"}],"version-history":[{"count":1,"href":"https:\/\/rdnews.al\/index.php\/wp-json\/wp\/v2\/posts\/114323\/revisions"}],"predecessor-version":[{"id":114325,"href":"https:\/\/rdnews.al\/index.php\/wp-json\/wp\/v2\/posts\/114323\/revisions\/114325"}],"wp:featuredmedia":[{"embeddable":true,"href":"https:\/\/rdnews.al\/index.php\/wp-json\/wp\/v2\/media\/114324"}],"wp:attachment":[{"href":"https:\/\/rdnews.al\/index.php\/wp-json\/wp\/v2\/media?parent=114323"}],"wp:term":[{"taxonomy":"category","embeddable":true,"href":"https:\/\/rdnews.al\/index.php\/wp-json\/wp\/v2\/categories?post=114323"},{"taxonomy":"post_tag","embeddable":true,"href":"https:\/\/rdnews.al\/index.php\/wp-json\/wp\/v2\/tags?post=114323"}],"curies":[{"name":"wp","href":"https:\/\/api.w.org\/{rel}","templated":true}]}}