{"id":11433,"date":"2022-05-06T18:23:11","date_gmt":"2022-05-06T18:23:11","guid":{"rendered":"https:\/\/rdnews.al\/?p=11433"},"modified":"2022-05-06T18:23:11","modified_gmt":"2022-05-06T18:23:11","slug":"berisha-dorezon-dokumentacionin-per-te-garuar-per-kryetar-te-pd","status":"publish","type":"post","link":"https:\/\/rdnews.al\/index.php\/2022\/05\/06\/berisha-dorezon-dokumentacionin-per-te-garuar-per-kryetar-te-pd\/","title":{"rendered":"Berisha dor\u00ebzon dokumentacionin p\u00ebr t\u00eb garuar p\u00ebr Kryetar t\u00eb PD"},"content":{"rendered":"<p>Ish-Kryeministri Sali Berisha ka dor\u00ebzuar dokumentacionin e nevojsh\u00ebm p\u00ebr t\u00eb garuar si Kryetar i PD n\u00eb zgjedhjet q\u00eb do zhvillohen n\u00eb 22 maj.<\/p>\n<p>Afati i fundit i dor\u00ebzimit t\u00eb dokumentacionit t\u00eb atyre q\u00eb duan t\u00eb kandidojn\u00eb p\u00ebr kreun e PD \u00ebsht\u00eb data 7 maj.\u00a0Berisha ka dor\u00ebzuar dokumentat nj\u00eb dit\u00eb para p\u00ebrfundimit t\u00eb afatit.<\/p>\n<p>N\u00eb Kuvendin e 30 prillit u miratuan ndryshimet statutore dhe u caktua 22 maji si dat\u00eb kur do t\u00eb mbahen zgjedhjet p\u00ebr kryetarin e ri t\u00eb PD-s\u00eb.<\/p>\n","protected":false},"excerpt":{"rendered":"<p>Ish-Kryeministri Sali Berisha ka dor\u00ebzuar dokumentacionin e nevojsh\u00ebm p\u00ebr t\u00eb garuar si Kryetar i PD n\u00eb zgjedhjet q\u00eb do zhvillohen n\u00eb 22 maj. Afati i fundit i dor\u00ebzimit t\u00eb dokumentacionit t\u00eb atyre q\u00eb duan t\u00eb kandidojn\u00eb p\u00ebr kreun e PD \u00ebsht\u00eb data 7 maj.\u00a0Berisha ka dor\u00ebzuar dokumentat nj\u00eb dit\u00eb para p\u00ebrfundimit t\u00eb afatit. N\u00eb Kuvendin &hellip;<\/p>\n","protected":false},"author":4,"featured_media":2658,"comment_status":"open","ping_status":"open","sticky":false,"template":"","format":"standard","meta":{"footnotes":""},"categories":[37],"tags":[],"class_list":["post-11433","post","type-post","status-publish","format-standard","has-post-thumbnail","","category-politike"],"_links":{"self":[{"href":"https:\/\/rdnews.al\/index.php\/wp-json\/wp\/v2\/posts\/11433","targetHints":{"allow":["GET"]}}],"collection":[{"href":"https:\/\/rdnews.al\/index.php\/wp-json\/wp\/v2\/posts"}],"about":[{"href":"https:\/\/rdnews.al\/index.php\/wp-json\/wp\/v2\/types\/post"}],"author":[{"embeddable":true,"href":"https:\/\/rdnews.al\/index.php\/wp-json\/wp\/v2\/users\/4"}],"replies":[{"embeddable":true,"href":"https:\/\/rdnews.al\/index.php\/wp-json\/wp\/v2\/comments?post=11433"}],"version-history":[{"count":0,"href":"https:\/\/rdnews.al\/index.php\/wp-json\/wp\/v2\/posts\/11433\/revisions"}],"wp:featuredmedia":[{"embeddable":true,"href":"https:\/\/rdnews.al\/index.php\/wp-json\/wp\/v2\/media\/2658"}],"wp:attachment":[{"href":"https:\/\/rdnews.al\/index.php\/wp-json\/wp\/v2\/media?parent=11433"}],"wp:term":[{"taxonomy":"category","embeddable":true,"href":"https:\/\/rdnews.al\/index.php\/wp-json\/wp\/v2\/categories?post=11433"},{"taxonomy":"post_tag","embeddable":true,"href":"https:\/\/rdnews.al\/index.php\/wp-json\/wp\/v2\/tags?post=11433"}],"curies":[{"name":"wp","href":"https:\/\/api.w.org\/{rel}","templated":true}]}}