{"id":114389,"date":"2025-05-19T20:00:40","date_gmt":"2025-05-19T20:00:40","guid":{"rendered":"https:\/\/rdnews.al\/?p=114389"},"modified":"2025-05-19T20:00:40","modified_gmt":"2025-05-19T20:00:40","slug":"humb-jeten-ne-qeli-57-vjecari-qe-qelloi-policin-bashkiak-e-vrane-apo-vrau-veten","status":"publish","type":"post","link":"https:\/\/rdnews.al\/index.php\/2025\/05\/19\/humb-jeten-ne-qeli-57-vjecari-qe-qelloi-policin-bashkiak-e-vrane-apo-vrau-veten\/","title":{"rendered":"Humb jet\u00ebn n\u00eb qeli 57-vje\u00e7ari q\u00eb q\u00eblloi policin bashkiak, e vran\u00eb apo vrau veten?"},"content":{"rendered":"<p>57-vje\u00e7ari\u00a0<a href=\"https:\/\/shqiptarja.com\/tag\/101312\" target=\"_blank\" rel=\"noopener\">Qani Mu\u00e7a<\/a>, i arrestuar p\u00ebr \u201cvrasje e funksionar\u00ebve publik\u00eb\u201d e mbetur n\u00eb tentativ\u00eb dhe \u201cmbajtje pa leje e arm\u00ebve\u201du gjet i vet\u00ebvarur n\u00eb tualetin e dhom\u00ebs ku q\u00ebndronte n\u00eb pjes\u00ebn e gril\u00ebs s\u00eb ajrimit.<\/p>\n<p>Drejtoria e burgjeve njofton se n\u00eb or\u00ebt e para t\u00eb m\u00ebngjesit s\u00eb t\u00eb h\u00ebn\u00ebs, ai \u00ebsht\u00eb v\u00ebn\u00eb re nga nj\u00eb prej t\u00eb paraburgosurve. Kur ka hapur der\u00ebn e ka par\u00eb t\u00eb varur n\u00eb gril\u00ebn e dritares.<\/p>\n<p>N\u00eb vitin 2022, gjykata e Tiran\u00ebs caktoi ndaj tij mas\u00ebn arrest n\u00eb burg p\u00ebr tentativ\u00ebn e vrasjes s\u00eb inspektorit t\u00eb IMT, Ilirjan Gavelli. Disa minuta pasi i prish\u00ebn banes\u00ebn n\u00eb zon\u00ebn \u201cAli Demi\u201d, Mu\u00e7a ka nxjerr\u00eb pistolet\u00ebn q\u00eb mbante n\u00eb brez dhe e ka q\u00eblluar n\u00eb bark inspektorin e IMT.<\/p>\n<p>Ka dyshime n\u00ebse uca \u00ebsht\u00eb vet\u00ebvrasje apo e kan\u00eb vrar\u00eb dhe p\u00ebr k\u00ebt\u00eb duhen hetime t\u00eb pavarura. Nuk \u00ebsht\u00eb rasti i par\u00eb q\u00eb qelit\u00eb kthehen n\u00eb vend ku i japin fund jet\u00ebs t\u00eb paraburgosurit.<\/p>\n","protected":false},"excerpt":{"rendered":"<p>57-vje\u00e7ari\u00a0Qani Mu\u00e7a, i arrestuar p\u00ebr \u201cvrasje e funksionar\u00ebve publik\u00eb\u201d e mbetur n\u00eb tentativ\u00eb dhe \u201cmbajtje pa leje e arm\u00ebve\u201du gjet i vet\u00ebvarur n\u00eb tualetin e dhom\u00ebs ku q\u00ebndronte n\u00eb pjes\u00ebn e gril\u00ebs s\u00eb ajrimit. Drejtoria e burgjeve njofton se n\u00eb or\u00ebt e para t\u00eb m\u00ebngjesit s\u00eb t\u00eb h\u00ebn\u00ebs, ai \u00ebsht\u00eb v\u00ebn\u00eb re nga nj\u00eb prej &hellip;<\/p>\n","protected":false},"author":3,"featured_media":114392,"comment_status":"closed","ping_status":"closed","sticky":false,"template":"","format":"standard","meta":{"footnotes":""},"categories":[37],"tags":[],"class_list":["post-114389","post","type-post","status-publish","format-standard","has-post-thumbnail","","category-politike"],"_links":{"self":[{"href":"https:\/\/rdnews.al\/index.php\/wp-json\/wp\/v2\/posts\/114389","targetHints":{"allow":["GET"]}}],"collection":[{"href":"https:\/\/rdnews.al\/index.php\/wp-json\/wp\/v2\/posts"}],"about":[{"href":"https:\/\/rdnews.al\/index.php\/wp-json\/wp\/v2\/types\/post"}],"author":[{"embeddable":true,"href":"https:\/\/rdnews.al\/index.php\/wp-json\/wp\/v2\/users\/3"}],"replies":[{"embeddable":true,"href":"https:\/\/rdnews.al\/index.php\/wp-json\/wp\/v2\/comments?post=114389"}],"version-history":[{"count":1,"href":"https:\/\/rdnews.al\/index.php\/wp-json\/wp\/v2\/posts\/114389\/revisions"}],"predecessor-version":[{"id":114393,"href":"https:\/\/rdnews.al\/index.php\/wp-json\/wp\/v2\/posts\/114389\/revisions\/114393"}],"wp:featuredmedia":[{"embeddable":true,"href":"https:\/\/rdnews.al\/index.php\/wp-json\/wp\/v2\/media\/114392"}],"wp:attachment":[{"href":"https:\/\/rdnews.al\/index.php\/wp-json\/wp\/v2\/media?parent=114389"}],"wp:term":[{"taxonomy":"category","embeddable":true,"href":"https:\/\/rdnews.al\/index.php\/wp-json\/wp\/v2\/categories?post=114389"},{"taxonomy":"post_tag","embeddable":true,"href":"https:\/\/rdnews.al\/index.php\/wp-json\/wp\/v2\/tags?post=114389"}],"curies":[{"name":"wp","href":"https:\/\/api.w.org\/{rel}","templated":true}]}}