{"id":114394,"date":"2025-05-19T20:03:55","date_gmt":"2025-05-19T20:03:55","guid":{"rendered":"https:\/\/rdnews.al\/?p=114394"},"modified":"2025-05-19T20:03:55","modified_gmt":"2025-05-19T20:03:55","slug":"lubonja-shqiperia-nuk-ben-zgjedhje-te-ndershme-me-kete-regjim","status":"publish","type":"post","link":"https:\/\/rdnews.al\/index.php\/2025\/05\/19\/lubonja-shqiperia-nuk-ben-zgjedhje-te-ndershme-me-kete-regjim\/","title":{"rendered":"Lubonja: Shqip\u00ebria nuk b\u00ebn zgjedhje t\u00eb ndershme me k\u00ebt\u00eb regjim!"},"content":{"rendered":"<p>Analisti Fatos Lubonja foli mbr\u00ebmjen e sotme p\u00ebr p\u00ebrfundimin e procesit t\u00eb num\u00ebrimit t\u00eb votave preferenciale t\u00eb diaspor\u00ebs.Lubonja theksoi se procesi me diaspor\u00ebn nuk \u00ebsht\u00eb transparent.<\/p>\n<p>\u201cKam b\u00ebr\u00eb nj\u00eb parantez\u00eb nuk besoj n\u00eb k\u00ebt\u00eb sistem zgjedhor. Nuk besoj se Shqip\u00ebria b\u00ebn zgjedhje t\u00eb ndershme me k\u00ebt\u00eb regjim. Ku diskutoj p\u00ebr k\u00ebt\u00eb m\u00eb duket sikur i b\u00ebj fasad\u00ebn regjimit. Do marr pjes\u00eb, se kjo \u00ebsht\u00eb jo vet\u00ebm puna, por fjala na ka mbetur. Kam th\u00ebn\u00eb se diaspora p\u00ebr nj\u00eb arsye t\u00eb thjesht\u00eb \u00ebsht\u00eb tregues i asaj q\u00eb \u00ebsht\u00eb zhvilluar n\u00eb Shqip\u00ebri.<\/p>\n<p>Forca, shteti q\u00eb kontrollon procesin q\u00eb ka n\u00eb kontroll administrat\u00ebn, ekonomin\u00eb, nuk \u00ebsht\u00eb treg i lir\u00eb. Q\u00eb ka n\u00eb kontroll drejt\u00ebsin\u00eb, krimin e organizuar, q\u00eb nuk ka nevoj\u00eb p\u00ebr opozit\u00ebn, policin\u00eb. T\u00eb gjitha k\u00ebto b\u00ebjn\u00eb q\u00eb zgjedhjet t\u00eb mos jen\u00eb t\u00eb ndershme. I tha dhe OSBE ODIHR. N\u00eb k\u00ebt\u00eb, kur kontrollohet ky proces, edhe mbledhja e vot\u00ebs s\u00eb diaspor\u00ebs, ishte e qart\u00eb, kam th\u00ebn\u00eb do ket\u00eb kolpo n\u00eb diaspor\u00eb. Me nj\u00eb kontroll merren votat\u201d,\u00a0tha Lubonja.<\/p>\n<p>Lubonja shtoi m\u00eb tej, se edhe procesi i votimeve n\u00eb diaspor\u00eb mund t\u00eb jet\u00eb manipuluar, pasi administrat\u00ebs i \u00ebsht\u00eb k\u00ebrkuar t\u00eb japin emra t\u00eb t\u00eb af\u00ebrmve t\u00eb tyre q\u00eb jetojn\u00eb jasht\u00eb vendit p\u00ebrpara fushat\u00ebs elektorale.<\/p>\n<p>\u201cKemi t\u00eb dh\u00ebna, njer\u00ebz q\u00eb na flasin. Nj\u00eb nga format, njer\u00ebzit q\u00eb punojn\u00eb n\u00eb administrat\u00eb u \u00ebsht\u00eb th\u00ebn\u00eb na sjell emrat e atyre q\u00eb ke jasht\u00eb. Na sill 5 apo 10. Mund\u00ebsit\u00eb ekonomike q\u00eb ka pushteti p\u00ebr t\u00eb shkuar atje. Vet\u00eb procesi i seleksionimit t\u00eb votuesit t\u00eb diaspor\u00ebs. Dikujt i ka shkuar zarfi, dikujt jo. K\u00ebta kan\u00eb njer\u00ebzit e tyre gjithandej. I ka regjimi. Do b\u00ebjm\u00eb k\u00ebt\u00eb analiz\u00eb\u201d, tha analisti n\u00eb News24.<\/p>\n","protected":false},"excerpt":{"rendered":"<p>Analisti Fatos Lubonja foli mbr\u00ebmjen e sotme p\u00ebr p\u00ebrfundimin e procesit t\u00eb num\u00ebrimit t\u00eb votave preferenciale t\u00eb diaspor\u00ebs.Lubonja theksoi se procesi me diaspor\u00ebn nuk \u00ebsht\u00eb transparent. \u201cKam b\u00ebr\u00eb nj\u00eb parantez\u00eb nuk besoj n\u00eb k\u00ebt\u00eb sistem zgjedhor. Nuk besoj se Shqip\u00ebria b\u00ebn zgjedhje t\u00eb ndershme me k\u00ebt\u00eb regjim. Ku diskutoj p\u00ebr k\u00ebt\u00eb m\u00eb duket sikur i &hellip;<\/p>\n","protected":false},"author":4,"featured_media":114395,"comment_status":"closed","ping_status":"closed","sticky":false,"template":"","format":"standard","meta":{"footnotes":""},"categories":[37],"tags":[],"class_list":["post-114394","post","type-post","status-publish","format-standard","has-post-thumbnail","","category-politike"],"_links":{"self":[{"href":"https:\/\/rdnews.al\/index.php\/wp-json\/wp\/v2\/posts\/114394","targetHints":{"allow":["GET"]}}],"collection":[{"href":"https:\/\/rdnews.al\/index.php\/wp-json\/wp\/v2\/posts"}],"about":[{"href":"https:\/\/rdnews.al\/index.php\/wp-json\/wp\/v2\/types\/post"}],"author":[{"embeddable":true,"href":"https:\/\/rdnews.al\/index.php\/wp-json\/wp\/v2\/users\/4"}],"replies":[{"embeddable":true,"href":"https:\/\/rdnews.al\/index.php\/wp-json\/wp\/v2\/comments?post=114394"}],"version-history":[{"count":1,"href":"https:\/\/rdnews.al\/index.php\/wp-json\/wp\/v2\/posts\/114394\/revisions"}],"predecessor-version":[{"id":114396,"href":"https:\/\/rdnews.al\/index.php\/wp-json\/wp\/v2\/posts\/114394\/revisions\/114396"}],"wp:featuredmedia":[{"embeddable":true,"href":"https:\/\/rdnews.al\/index.php\/wp-json\/wp\/v2\/media\/114395"}],"wp:attachment":[{"href":"https:\/\/rdnews.al\/index.php\/wp-json\/wp\/v2\/media?parent=114394"}],"wp:term":[{"taxonomy":"category","embeddable":true,"href":"https:\/\/rdnews.al\/index.php\/wp-json\/wp\/v2\/categories?post=114394"},{"taxonomy":"post_tag","embeddable":true,"href":"https:\/\/rdnews.al\/index.php\/wp-json\/wp\/v2\/tags?post=114394"}],"curies":[{"name":"wp","href":"https:\/\/api.w.org\/{rel}","templated":true}]}}