{"id":114400,"date":"2025-05-19T20:41:52","date_gmt":"2025-05-19T20:41:52","guid":{"rendered":"https:\/\/rdnews.al\/?p=114400"},"modified":"2025-05-19T20:41:52","modified_gmt":"2025-05-19T20:41:52","slug":"trump-i-jep-fund-luftes-rusi-ukraine-negociatat-e-paqes-ne-vatikan-nga-papa","status":"publish","type":"post","link":"https:\/\/rdnews.al\/index.php\/2025\/05\/19\/trump-i-jep-fund-luftes-rusi-ukraine-negociatat-e-paqes-ne-vatikan-nga-papa\/","title":{"rendered":"Trump i jep fund luft\u00ebs Rusi-Ukrain\u00eb, negociatat e paqes n\u00eb Vatikan nga Papa"},"content":{"rendered":"<p><strong>Donald TRUMP<\/p>\n<p><\/strong><\/p>\n<p>Sapo p\u00ebrfundova nj\u00eb telefonat\u00eb dy or\u00ebshe me Presidentin Vladimir Putin t\u00eb Rusis\u00eb. Besoj se shkoi shum\u00eb mir\u00eb. Rusia dhe Ukraina do t\u00eb nisin menj\u00ebher\u00eb negociatat drejt nj\u00eb Arm\u00ebpushimi dhe, m\u00eb e r\u00ebnd\u00ebsishmja, drejt nj\u00eb P\u00cbRFUNDIMI t\u00eb Luft\u00ebs.<\/p>\n<p>Kushtet p\u00ebr k\u00ebt\u00eb do t\u00eb negociohen mes dy pal\u00ebve, si\u00e7 duhet t\u00eb jet\u00eb, sepse ato e njohin n\u00eb detaje procesin e negociatave m\u00eb mir\u00eb se kushdo tjet\u00ebr. Toni dhe shpirt\u00ebrimi i bised\u00ebs ishin t\u00eb shk\u00eblqyer.<\/p>\n<p>Po t\u00eb mos ishte k\u00ebshtu, do ta thosha tani, e jo m\u00eb von\u00eb. Rusia d\u00ebshiron t\u00eb zhvilloj\u00eb nj\u00eb TREGTI n\u00eb shkall\u00eb t\u00eb gjer\u00eb me Shtetet e Bashkuara sapo t\u00eb p\u00ebrfundoj\u00eb kjo &#8216;kasaphan\u00eb&#8217; katastrofike, dhe un\u00eb jam dakord. Ka nj\u00eb mund\u00ebsi t\u00eb jasht\u00ebzakonshme q\u00eb Rusia t\u00eb krijoj\u00eb vende pune dhe pasuri n\u00eb p\u00ebrmasa t\u00eb m\u00ebdha.<\/p>\n<p>Potenciali i saj \u00ebsht\u00eb i PAKUFIZUAR. Po ashtu, Ukraina mund t\u00eb p\u00ebrfitoj\u00eb shum\u00eb nga tregtia, gjat\u00eb procesit t\u00eb rind\u00ebrtimit t\u00eb vendit t\u00eb saj. Negociatat midis Rusis\u00eb dhe Ukrain\u00ebs do t\u00eb fillojn\u00eb menj\u00ebher\u00eb.<\/p>\n<p>Kjo \u00ebsht\u00eb b\u00ebr\u00eb e ditur nga ana ime Presidentit Volodymyr Zelenskyy t\u00eb Ukrain\u00ebs, Ursula von der Leyen-it, Presidente e Komisionit Evropian, Presidentit Emmanuel Macron t\u00eb Franc\u00ebs, Kryeministres Giorgia Meloni t\u00eb Italis\u00eb, Kancelarit Friedrich Merz t\u00eb Gjermanis\u00eb dhe Presidentit Alexander Stubb t\u00eb Finland\u00ebs, gjat\u00eb nj\u00eb telefonate me ta, menj\u00ebher\u00eb pas bised\u00ebs me Presidentin Putin.<\/p>\n<p>Vatikani, i p\u00ebrfaq\u00ebsuar nga Papa, ka shprehur interes t\u00eb madh p\u00ebr t\u00eb qen\u00eb mikprit\u00ebs i k\u00ebtyre negociatave. Le t\u00eb nis\u00eb procesi!.<\/p>\n<p><em>\u00a0<\/em><\/p>\n<p><em>Trump n\u00eb Truth<\/em><\/p>\n<p><em>\u00a0<\/em><\/p>\n","protected":false},"excerpt":{"rendered":"<p>Donald TRUMP Sapo p\u00ebrfundova nj\u00eb telefonat\u00eb dy or\u00ebshe me Presidentin Vladimir Putin t\u00eb Rusis\u00eb. Besoj se shkoi shum\u00eb mir\u00eb. Rusia dhe Ukraina do t\u00eb nisin menj\u00ebher\u00eb negociatat drejt nj\u00eb Arm\u00ebpushimi dhe, m\u00eb e r\u00ebnd\u00ebsishmja, drejt nj\u00eb P\u00cbRFUNDIMI t\u00eb Luft\u00ebs. Kushtet p\u00ebr k\u00ebt\u00eb do t\u00eb negociohen mes dy pal\u00ebve, si\u00e7 duhet t\u00eb jet\u00eb, sepse ato e &hellip;<\/p>\n","protected":false},"author":3,"featured_media":114401,"comment_status":"closed","ping_status":"closed","sticky":false,"template":"","format":"standard","meta":{"footnotes":""},"categories":[38],"tags":[],"class_list":["post-114400","post","type-post","status-publish","format-standard","has-post-thumbnail","","category-bota"],"_links":{"self":[{"href":"https:\/\/rdnews.al\/index.php\/wp-json\/wp\/v2\/posts\/114400","targetHints":{"allow":["GET"]}}],"collection":[{"href":"https:\/\/rdnews.al\/index.php\/wp-json\/wp\/v2\/posts"}],"about":[{"href":"https:\/\/rdnews.al\/index.php\/wp-json\/wp\/v2\/types\/post"}],"author":[{"embeddable":true,"href":"https:\/\/rdnews.al\/index.php\/wp-json\/wp\/v2\/users\/3"}],"replies":[{"embeddable":true,"href":"https:\/\/rdnews.al\/index.php\/wp-json\/wp\/v2\/comments?post=114400"}],"version-history":[{"count":1,"href":"https:\/\/rdnews.al\/index.php\/wp-json\/wp\/v2\/posts\/114400\/revisions"}],"predecessor-version":[{"id":114402,"href":"https:\/\/rdnews.al\/index.php\/wp-json\/wp\/v2\/posts\/114400\/revisions\/114402"}],"wp:featuredmedia":[{"embeddable":true,"href":"https:\/\/rdnews.al\/index.php\/wp-json\/wp\/v2\/media\/114401"}],"wp:attachment":[{"href":"https:\/\/rdnews.al\/index.php\/wp-json\/wp\/v2\/media?parent=114400"}],"wp:term":[{"taxonomy":"category","embeddable":true,"href":"https:\/\/rdnews.al\/index.php\/wp-json\/wp\/v2\/categories?post=114400"},{"taxonomy":"post_tag","embeddable":true,"href":"https:\/\/rdnews.al\/index.php\/wp-json\/wp\/v2\/tags?post=114400"}],"curies":[{"name":"wp","href":"https:\/\/api.w.org\/{rel}","templated":true}]}}