{"id":114416,"date":"2025-05-19T21:48:22","date_gmt":"2025-05-19T21:48:22","guid":{"rendered":"https:\/\/rdnews.al\/?p=114416"},"modified":"2025-05-19T21:48:22","modified_gmt":"2025-05-19T21:48:22","slug":"kerkesa-e-gjylametit-ne-kqz-qe-terboi-ramen","status":"publish","type":"post","link":"https:\/\/rdnews.al\/index.php\/2025\/05\/19\/kerkesa-e-gjylametit-ne-kqz-qe-terboi-ramen\/","title":{"rendered":"K\u00ebrkesa e Gjylametit n\u00eb KQZ q\u00eb t\u00ebrboi Ram\u00ebn"},"content":{"rendered":"<div class=\"xdj266r x11i5rnm xat24cr x1mh8g0r x1vvkbs x126k92a\">\n<div dir=\"auto\">P\u00ebrfundimi i procesit t\u00eb num\u00ebrimit t\u00eb votave nga Diaspora solli sherr n\u00eb gar\u00ebn p\u00ebr nj\u00eb mandat n\u00eb Qarkun e Tiran\u00ebs ku situata e nxeht\u00eb mes Blerina Gjylametit dhe Olta Xha\u00e7k\u00ebs u vulos me fitoren e k\u00ebsaj t\u00eb fundit.<\/div>\n<\/div>\n<div class=\"x11i5rnm xat24cr x1mh8g0r x1vvkbs xtlvy1s x126k92a\">\n<div dir=\"auto\">Gjylameti e frustruar me humbjen ka nd\u00ebrmarr\u00eb nj\u00eb hap t\u00eb pazakont\u00eb duke i k\u00ebrkuar zyrtarisht Komisionit Qendror t\u00eb Zgjedhjeve transparenc\u00eb t\u00eb plot\u00eb mbi procesin e num\u00ebrimit duke qen\u00eb se diferenca mes tyre me vota ishte tejet e ngusht\u00eb.<\/div>\n<\/div>\n<div class=\"x11i5rnm xat24cr x1mh8g0r x1vvkbs xtlvy1s x126k92a\">\n<div dir=\"auto\">N\u00eb nj\u00eb k\u00ebrkes\u00eb drejtuar kryetarit t\u00eb KQZ-s\u00eb, Ilirjan Celibashi, Gjylameti k\u00ebrkon t\u00eb vihet n\u00eb dispozicion video-regjistrimi i \u00e7do tavoline num\u00ebrimi n\u00eb t\u00eb gjith\u00eb qarkun e Tiran\u00ebs. Sipas saj, pamjet do t\u00eb p\u00ebrdoren \u201cvet\u00ebm p\u00ebr q\u00ebllime verifikimi\u201d dhe n\u00eb p\u00ebrputhje me legjislacionin zgjedhor n\u00eb fuqi.<\/div>\n<\/div>\n<div class=\"x11i5rnm xat24cr x1mh8g0r x1vvkbs xtlvy1s x126k92a\">\n<div dir=\"auto\">\u201cI nderuar zoti Celibashi! Un\u00eb k\u00ebrkuesja, n\u00eb cil\u00ebsin\u00eb e kandidates p\u00ebr deputete n\u00eb zon\u00ebn zgjedhore Qarku Tiran\u00eb p\u00ebr zgjedhjet parlamentare t\u00eb dat\u00ebs 11.05.2025, Ju drejtohem me k\u00ebt\u00eb k\u00ebrkes\u00eb p\u00ebr t\u00eb m\u00eb v\u00ebn\u00eb n\u00eb dispozicion pamjet filmike t\u00eb procesit t\u00eb num\u00ebrimit t\u00eb votave t\u00eb subjekteve dhe kandidat\u00ebve n\u00eb t\u00eb gjith\u00eb qendrat e num\u00ebrimit t\u00eb Qarkut Tiran\u00eb.<\/div>\n<\/div>\n<div class=\"x11i5rnm xat24cr x1mh8g0r x1vvkbs xtlvy1s x126k92a\">\n<div dir=\"auto\">Pamjet e k\u00ebrkuara do t\u00eb p\u00ebrdoren vet\u00ebm p\u00ebr q\u00ebllime verifikimi dhe brenda kuadrit ligjor, duke respektuar t\u00eb gjitha procedurat e k\u00ebrkuara nga kuadri ligjor n\u00eb fuqi\u201d, shkruan Gjylameti n\u00eb k\u00ebrkes\u00ebn e saj.<\/div>\n<\/div>\n","protected":false},"excerpt":{"rendered":"<p>P\u00ebrfundimi i procesit t\u00eb num\u00ebrimit t\u00eb votave nga Diaspora solli sherr n\u00eb gar\u00ebn p\u00ebr nj\u00eb mandat n\u00eb Qarkun e Tiran\u00ebs ku situata e nxeht\u00eb mes Blerina Gjylametit dhe Olta Xha\u00e7k\u00ebs u vulos me fitoren e k\u00ebsaj t\u00eb fundit. Gjylameti e frustruar me humbjen ka nd\u00ebrmarr\u00eb nj\u00eb hap t\u00eb pazakont\u00eb duke i k\u00ebrkuar zyrtarisht Komisionit Qendror &hellip;<\/p>\n","protected":false},"author":3,"featured_media":114417,"comment_status":"closed","ping_status":"closed","sticky":false,"template":"","format":"standard","meta":{"footnotes":""},"categories":[37],"tags":[],"class_list":["post-114416","post","type-post","status-publish","format-standard","has-post-thumbnail","","category-politike"],"_links":{"self":[{"href":"https:\/\/rdnews.al\/index.php\/wp-json\/wp\/v2\/posts\/114416","targetHints":{"allow":["GET"]}}],"collection":[{"href":"https:\/\/rdnews.al\/index.php\/wp-json\/wp\/v2\/posts"}],"about":[{"href":"https:\/\/rdnews.al\/index.php\/wp-json\/wp\/v2\/types\/post"}],"author":[{"embeddable":true,"href":"https:\/\/rdnews.al\/index.php\/wp-json\/wp\/v2\/users\/3"}],"replies":[{"embeddable":true,"href":"https:\/\/rdnews.al\/index.php\/wp-json\/wp\/v2\/comments?post=114416"}],"version-history":[{"count":1,"href":"https:\/\/rdnews.al\/index.php\/wp-json\/wp\/v2\/posts\/114416\/revisions"}],"predecessor-version":[{"id":114418,"href":"https:\/\/rdnews.al\/index.php\/wp-json\/wp\/v2\/posts\/114416\/revisions\/114418"}],"wp:featuredmedia":[{"embeddable":true,"href":"https:\/\/rdnews.al\/index.php\/wp-json\/wp\/v2\/media\/114417"}],"wp:attachment":[{"href":"https:\/\/rdnews.al\/index.php\/wp-json\/wp\/v2\/media?parent=114416"}],"wp:term":[{"taxonomy":"category","embeddable":true,"href":"https:\/\/rdnews.al\/index.php\/wp-json\/wp\/v2\/categories?post=114416"},{"taxonomy":"post_tag","embeddable":true,"href":"https:\/\/rdnews.al\/index.php\/wp-json\/wp\/v2\/tags?post=114416"}],"curies":[{"name":"wp","href":"https:\/\/api.w.org\/{rel}","templated":true}]}}