{"id":114419,"date":"2025-05-20T07:15:48","date_gmt":"2025-05-20T07:15:48","guid":{"rendered":"https:\/\/rdnews.al\/?p=114419"},"modified":"2025-05-20T07:15:48","modified_gmt":"2025-05-20T07:15:48","slug":"vrasje-ne-durres-ekzekutohet-me-automatik-gjate-nates-29-vjecari","status":"publish","type":"post","link":"https:\/\/rdnews.al\/index.php\/2025\/05\/20\/vrasje-ne-durres-ekzekutohet-me-automatik-gjate-nates-29-vjecari\/","title":{"rendered":"Vrasje n\u00eb Durr\u00ebs\/ Ekzekutohet me automatik gjat\u00eb nat\u00ebs 29 vje\u00e7ari"},"content":{"rendered":"<p>Nj\u00eb ngjarje e r\u00ebnd\u00eb ka tronditur qytetin e Durr\u00ebsit gjat\u00eb nat\u00ebs <em>n\u00eb or\u00ebn 00:50,<\/em> ku nj\u00eb i ri 29 vje\u00e7 \u00ebsht\u00eb ekzekutuar n\u00eb nj\u00eb atentat me arm\u00eb zjarri.<\/p>\n<p>Viktima e identifikuar\u00a0<strong>Ermir Dedja<\/strong>, pjes\u00eb e nj\u00eb grupi kriminal ka nd\u00ebrruar jet\u00eb n\u00eb spital. Vrasja e t\u00eb riut ndodhi n\u00eb lagjen nr.18 nd\u00ebrsa autor\u00ebt persona t\u00eb maskuar dyshohet se pas krimit u larguan nga vendngjarja me nj\u00eb automjet.<\/p>\n<p>I riu ka qen\u00eb duke zbritur nga makina e tij, kur autor\u00ebt ende t\u00eb paidentifikuar q\u00eblluan me bresh\u00ebri kallashnikovi.<\/p>\n<p>M\u00ebsohet se Ermir Dedja fillimisht mbeti i plagosur dhe kan\u00eb qen\u00eb banor\u00ebt e zon\u00ebs n\u00eb vendin e ngjarjes, t\u00eb cil\u00ebt e transportuan n\u00eb spital, por p\u00ebr shkak t\u00eb plag\u00ebve t\u00eb marr\u00eb ai nd\u00ebrroi jet\u00eb.<\/p>\n<p>Policia thot\u00eb se n\u00eb vendngjarje kan\u00eb shkuar sh\u00ebrbimet e Policis\u00eb dhe po vijojn\u00eb kontrollet p\u00ebr kapjen e autorit\/ve. Nd\u00ebrkoh\u00eb \u00ebsht\u00eb ngritur nj\u00eb grup hetimor p\u00ebr t\u00eb zbardhur ngjarjen.<\/p>\n<p>Nga pamjet e publikuar nga mediat, duket se plumbat kan\u00eb prekur edhe xhamin e nj\u00eb biznesi aty af\u00ebr.<\/p>\n<p><strong>Ermir Dedja\u00a0<\/strong>nuk \u00ebsht\u00eb nj\u00eb em\u00ebr i panjohur p\u00ebr policin\u00eb pasi n\u00eb 2015 \u00ebsht\u00eb arrestuar, sepse i shiti drog\u00eb nj\u00eb grupi personash t\u00eb cil\u00ebt do e kalonin nga Morina drejt Kosov\u00ebs.<\/p>\n<p>N\u00eb vitin 2017, m\u00ebsohet se Ermir Dedja ka qen\u00eb i p\u00ebrfshir\u00eb n\u00eb nj\u00eb plagosje me arm\u00eb zjarri n\u00eb vitin 2017, i cili n\u00eb at\u00eb koh\u00eb u vu n\u00eb pranga si bashk\u00ebpun\u00ebtor n\u00eb plagosje.<\/p>\n<p>Ende nuk ka detaje t\u00eb holl\u00ebsishme n\u00eb lidhje me krimin, nd\u00ebrsa policia mb\u00ebrriti n\u00eb vendin e ngjarjes dhe s\u00eb bashku me grupin hetimor po punojn\u00eb p\u00ebr t\u00eb hedhur drit\u00eb\u00a0mbi ekezekutimin.<\/p>\n<p>Nj\u00eb banor i zon\u00ebs tha jasht\u00eb kamerave se n\u00eb fillim kur d\u00ebgjoi t\u00eb sht\u00ebnat mendoi se ishin fishekzjarre.<\/p>\n<p>\u201cPash\u00eb nga dritarja k\u00ebt\u00eb personin t\u00eb shtrir\u00eb n\u00eb tok\u00eb dhe kuptova q\u00eb kjo ishte vrasje. Sipas asaj q\u00eb munda t\u00eb konstatoj nga dritarja e banes\u00ebs time, munda t\u00eb kuptoj q\u00eb ishte q\u00eblluar n\u00eb zon\u00ebn e shpatullave. Pak m\u00eb von\u00eb erdhi policia dhe pas tyre nj\u00eb autoambulanc\u00eb q\u00eb e mori trupin\u201d, tha nj\u00eb banor<\/p>\n","protected":false},"excerpt":{"rendered":"<p>Nj\u00eb ngjarje e r\u00ebnd\u00eb ka tronditur qytetin e Durr\u00ebsit gjat\u00eb nat\u00ebs n\u00eb or\u00ebn 00:50, ku nj\u00eb i ri 29 vje\u00e7 \u00ebsht\u00eb ekzekutuar n\u00eb nj\u00eb atentat me arm\u00eb zjarri. Viktima e identifikuar\u00a0Ermir Dedja, pjes\u00eb e nj\u00eb grupi kriminal ka nd\u00ebrruar jet\u00eb n\u00eb spital. Vrasja e t\u00eb riut ndodhi n\u00eb lagjen nr.18 nd\u00ebrsa autor\u00ebt persona t\u00eb maskuar &hellip;<\/p>\n","protected":false},"author":4,"featured_media":114420,"comment_status":"closed","ping_status":"closed","sticky":false,"template":"","format":"standard","meta":{"footnotes":""},"categories":[37],"tags":[],"class_list":["post-114419","post","type-post","status-publish","format-standard","has-post-thumbnail","","category-politike"],"_links":{"self":[{"href":"https:\/\/rdnews.al\/index.php\/wp-json\/wp\/v2\/posts\/114419","targetHints":{"allow":["GET"]}}],"collection":[{"href":"https:\/\/rdnews.al\/index.php\/wp-json\/wp\/v2\/posts"}],"about":[{"href":"https:\/\/rdnews.al\/index.php\/wp-json\/wp\/v2\/types\/post"}],"author":[{"embeddable":true,"href":"https:\/\/rdnews.al\/index.php\/wp-json\/wp\/v2\/users\/4"}],"replies":[{"embeddable":true,"href":"https:\/\/rdnews.al\/index.php\/wp-json\/wp\/v2\/comments?post=114419"}],"version-history":[{"count":1,"href":"https:\/\/rdnews.al\/index.php\/wp-json\/wp\/v2\/posts\/114419\/revisions"}],"predecessor-version":[{"id":114421,"href":"https:\/\/rdnews.al\/index.php\/wp-json\/wp\/v2\/posts\/114419\/revisions\/114421"}],"wp:featuredmedia":[{"embeddable":true,"href":"https:\/\/rdnews.al\/index.php\/wp-json\/wp\/v2\/media\/114420"}],"wp:attachment":[{"href":"https:\/\/rdnews.al\/index.php\/wp-json\/wp\/v2\/media?parent=114419"}],"wp:term":[{"taxonomy":"category","embeddable":true,"href":"https:\/\/rdnews.al\/index.php\/wp-json\/wp\/v2\/categories?post=114419"},{"taxonomy":"post_tag","embeddable":true,"href":"https:\/\/rdnews.al\/index.php\/wp-json\/wp\/v2\/tags?post=114419"}],"curies":[{"name":"wp","href":"https:\/\/api.w.org\/{rel}","templated":true}]}}