{"id":114422,"date":"2025-05-20T07:21:18","date_gmt":"2025-05-20T07:21:18","guid":{"rendered":"https:\/\/rdnews.al\/?p=114422"},"modified":"2025-05-20T07:21:18","modified_gmt":"2025-05-20T07:21:18","slug":"alimehmeti-rezultat-nuk-eshte-fundi-por-fillimi-i-nje-rrugetimi-te-gjate-me-te-njejtin-perkushtim","status":"publish","type":"post","link":"https:\/\/rdnews.al\/index.php\/2025\/05\/20\/alimehmeti-rezultat-nuk-eshte-fundi-por-fillimi-i-nje-rrugetimi-te-gjate-me-te-njejtin-perkushtim\/","title":{"rendered":"Alimehmeti: Rezultat nuk \u00ebsht\u00eb fundi, por fillimi i nj\u00eb rrug\u00ebtimi t\u00eb gjat\u00eb me t\u00eb nj\u00ebjtin p\u00ebrkushtim!"},"content":{"rendered":"<p>Kandidati p\u00ebr deputet i PD, Ilir Alimehmeti ka falenderuar qytetar\u00ebt q\u00eb e mb\u00ebshtet\u00ebn me mbi 18 mij\u00eb vota n\u00eb zgjedhjet e 11 majit, edhe pse nuk ia doli do t\u00eb siguronte nj\u00eb vend n\u00eb Parlament.<\/p>\n<p>N\u00eb nj\u00eb postim n\u00eb Facebook, Alimehmeti shkruan se, ky rezultat nuk \u00ebsht\u00eb fundi, por fillimi i nj\u00eb rrug\u00ebtimi t\u00eb gjat\u00eb dhe t\u00eb ndersh\u00ebm, q\u00eb do t\u00eb vazhdoj\u00eb me t\u00eb nj\u00ebjtin p\u00ebrkushtim.<\/p>\n<p>\u201cT\u00eb dashur qytetar\u00eb, miq e bashk\u00ebluft\u00ebtar\u00eb t\u00eb ndershm\u00ebris\u00eb, 18.125 her\u00eb ju i that\u00eb \u201cpo\u201d shpres\u00ebs, ndryshimit dhe t\u00eb v\u00ebrtet\u00ebs.<\/p>\n<p>18.125 zemra besuan se politika mund t\u00eb jet\u00eb ndryshe \u2013 m\u00eb njer\u00ebzore, m\u00eb e drejt\u00eb, m\u00eb pran\u00eb qytetarit. P\u00ebr k\u00ebt\u00eb, ju jam thell\u00ebsisht mir\u00ebnjoh\u00ebs.<\/p>\n<p>Kjo fushat\u00eb nuk ishte thjesht nj\u00eb sfid\u00eb elektorale \u2013 ishte nj\u00eb thirrje p\u00ebr nd\u00ebrgjegje, p\u00ebr bashkim rreth vlerave q\u00eb na b\u00ebjn\u00eb njer\u00ebz: ndershm\u00ebria, puna, dinjiteti. \u00c7do vot\u00eb q\u00eb hodh\u00ebt nuk ishte vet\u00ebm p\u00ebr nj\u00eb em\u00ebr, por p\u00ebr nj\u00eb m\u00ebnyr\u00eb t\u00eb re t\u00eb t\u00eb b\u00ebrit politik\u00eb.<\/p>\n<p>Ju faleminderit q\u00eb q\u00ebndruat krah meje, q\u00eb m\u00eb dhat\u00eb forc\u00eb me fjal\u00ebt, buz\u00ebqeshjet dhe besimin tuaj. Faleminderit q\u00eb m\u00eb lejuat t\u00eb jem z\u00ebri juaj. Rezultati nuk \u00ebsht\u00eb fundi \u2013 \u00ebsht\u00eb fillimi i nj\u00eb rrug\u00ebtimi t\u00eb gjat\u00eb dhe t\u00eb ndersh\u00ebm, q\u00eb do t\u00eb vazhdoj\u00eb me t\u00eb nj\u00ebjtin p\u00ebrkushtim, pa u ndalur\u201d-shkruan Alimehmeti.<\/p>\n","protected":false},"excerpt":{"rendered":"<p>Kandidati p\u00ebr deputet i PD, Ilir Alimehmeti ka falenderuar qytetar\u00ebt q\u00eb e mb\u00ebshtet\u00ebn me mbi 18 mij\u00eb vota n\u00eb zgjedhjet e 11 majit, edhe pse nuk ia doli do t\u00eb siguronte nj\u00eb vend n\u00eb Parlament. N\u00eb nj\u00eb postim n\u00eb Facebook, Alimehmeti shkruan se, ky rezultat nuk \u00ebsht\u00eb fundi, por fillimi i nj\u00eb rrug\u00ebtimi t\u00eb gjat\u00eb &hellip;<\/p>\n","protected":false},"author":4,"featured_media":114423,"comment_status":"closed","ping_status":"closed","sticky":false,"template":"","format":"standard","meta":{"footnotes":""},"categories":[37],"tags":[],"class_list":["post-114422","post","type-post","status-publish","format-standard","has-post-thumbnail","","category-politike"],"_links":{"self":[{"href":"https:\/\/rdnews.al\/index.php\/wp-json\/wp\/v2\/posts\/114422","targetHints":{"allow":["GET"]}}],"collection":[{"href":"https:\/\/rdnews.al\/index.php\/wp-json\/wp\/v2\/posts"}],"about":[{"href":"https:\/\/rdnews.al\/index.php\/wp-json\/wp\/v2\/types\/post"}],"author":[{"embeddable":true,"href":"https:\/\/rdnews.al\/index.php\/wp-json\/wp\/v2\/users\/4"}],"replies":[{"embeddable":true,"href":"https:\/\/rdnews.al\/index.php\/wp-json\/wp\/v2\/comments?post=114422"}],"version-history":[{"count":1,"href":"https:\/\/rdnews.al\/index.php\/wp-json\/wp\/v2\/posts\/114422\/revisions"}],"predecessor-version":[{"id":114424,"href":"https:\/\/rdnews.al\/index.php\/wp-json\/wp\/v2\/posts\/114422\/revisions\/114424"}],"wp:featuredmedia":[{"embeddable":true,"href":"https:\/\/rdnews.al\/index.php\/wp-json\/wp\/v2\/media\/114423"}],"wp:attachment":[{"href":"https:\/\/rdnews.al\/index.php\/wp-json\/wp\/v2\/media?parent=114422"}],"wp:term":[{"taxonomy":"category","embeddable":true,"href":"https:\/\/rdnews.al\/index.php\/wp-json\/wp\/v2\/categories?post=114422"},{"taxonomy":"post_tag","embeddable":true,"href":"https:\/\/rdnews.al\/index.php\/wp-json\/wp\/v2\/tags?post=114422"}],"curies":[{"name":"wp","href":"https:\/\/api.w.org\/{rel}","templated":true}]}}