{"id":11443,"date":"2022-05-06T18:40:50","date_gmt":"2022-05-06T18:40:50","guid":{"rendered":"https:\/\/rdnews.al\/?p=11443"},"modified":"2022-05-06T18:41:53","modified_gmt":"2022-05-06T18:41:53","slug":"paloka-falenderon-qiricin-nje-zonje-qe-i-dha-dinjitet-gares-per-kreun-e-keshillit-kombetar-te-pd","status":"publish","type":"post","link":"https:\/\/rdnews.al\/index.php\/2022\/05\/06\/paloka-falenderon-qiricin-nje-zonje-qe-i-dha-dinjitet-gares-per-kreun-e-keshillit-kombetar-te-pd\/","title":{"rendered":"Paloka falenderon Qiricin: Nj\u00eb zonj\u00eb q\u00eb i dha dinjitet gar\u00ebs p\u00ebr kreun e K\u00ebshillit Komb\u00ebtar t\u00eb PD!"},"content":{"rendered":"<p>Edi Paloka ka uruar an\u00ebtar\u00ebt e K\u00ebshillit Komb\u00ebtar t\u00eb PD dhe kandiaten Eleina Qirici p\u00ebr gar\u00ebn e fort\u00eb.<\/p>\n<p>Paloka uron q\u00eb sa m\u00eb shpejt ta shohim PD n\u00eb vendin q\u00eb i takon<\/p>\n<p><strong>Postimi i Palok\u00ebs\u00a0<\/strong><\/p>\n<p>Sot me Eleina Qiricin, nj\u00eb mike, kolege e demokrate e mir\u00eb. Nj\u00eb zonj\u00eb q\u00eb i dha dinjitet gar\u00ebs p\u00ebr kreun e K\u00ebshillit Komb\u00ebtar t\u00eb PD!<\/p>\n<p>Nj\u00eb falenderim p\u00ebr gjith\u00eb demokrat\u00ebt e nj\u00eb urim q\u00eb sa m\u00eb shpejt ta shohim PD n\u00eb vendin q\u00eb i takon!<\/p>\n","protected":false},"excerpt":{"rendered":"<p>Edi Paloka ka uruar an\u00ebtar\u00ebt e K\u00ebshillit Komb\u00ebtar t\u00eb PD dhe kandiaten Eleina Qirici p\u00ebr gar\u00ebn e fort\u00eb. Paloka uron q\u00eb sa m\u00eb shpejt ta shohim PD n\u00eb vendin q\u00eb i takon Postimi i Palok\u00ebs\u00a0 Sot me Eleina Qiricin, nj\u00eb mike, kolege e demokrate e mir\u00eb. Nj\u00eb zonj\u00eb q\u00eb i dha dinjitet gar\u00ebs p\u00ebr kreun &hellip;<\/p>\n","protected":false},"author":4,"featured_media":0,"comment_status":"open","ping_status":"open","sticky":false,"template":"","format":"standard","meta":{"footnotes":""},"categories":[37],"tags":[],"class_list":["post-11443","post","type-post","status-publish","format-standard","","category-politike"],"_links":{"self":[{"href":"https:\/\/rdnews.al\/index.php\/wp-json\/wp\/v2\/posts\/11443","targetHints":{"allow":["GET"]}}],"collection":[{"href":"https:\/\/rdnews.al\/index.php\/wp-json\/wp\/v2\/posts"}],"about":[{"href":"https:\/\/rdnews.al\/index.php\/wp-json\/wp\/v2\/types\/post"}],"author":[{"embeddable":true,"href":"https:\/\/rdnews.al\/index.php\/wp-json\/wp\/v2\/users\/4"}],"replies":[{"embeddable":true,"href":"https:\/\/rdnews.al\/index.php\/wp-json\/wp\/v2\/comments?post=11443"}],"version-history":[{"count":0,"href":"https:\/\/rdnews.al\/index.php\/wp-json\/wp\/v2\/posts\/11443\/revisions"}],"wp:attachment":[{"href":"https:\/\/rdnews.al\/index.php\/wp-json\/wp\/v2\/media?parent=11443"}],"wp:term":[{"taxonomy":"category","embeddable":true,"href":"https:\/\/rdnews.al\/index.php\/wp-json\/wp\/v2\/categories?post=11443"},{"taxonomy":"post_tag","embeddable":true,"href":"https:\/\/rdnews.al\/index.php\/wp-json\/wp\/v2\/tags?post=11443"}],"curies":[{"name":"wp","href":"https:\/\/api.w.org\/{rel}","templated":true}]}}