{"id":114516,"date":"2025-05-21T11:13:31","date_gmt":"2025-05-21T11:13:31","guid":{"rendered":"https:\/\/rdnews.al\/?p=114516"},"modified":"2025-05-21T11:13:31","modified_gmt":"2025-05-21T11:13:31","slug":"berisha-denoncon-me-fakte-masakren-me-votat-e-diaspores-e-implikuar-eshte-edhe-posta-shqiptare","status":"publish","type":"post","link":"https:\/\/rdnews.al\/index.php\/2025\/05\/21\/berisha-denoncon-me-fakte-masakren-me-votat-e-diaspores-e-implikuar-eshte-edhe-posta-shqiptare\/","title":{"rendered":"Berisha denoncon me fakte masakr\u00ebn me votat e diaspor\u00ebs: E implikuar \u00ebsht\u00eb edhe Posta Shqiptare"},"content":{"rendered":"<p>Kreu i Partis\u00eb Demokratike, Sali Berisha, n\u00eb nj\u00eb deklarat\u00eb p\u00ebr mediat ka denoncuar masakr\u00ebn me votat e diaspor\u00ebs, duke akuzuar se Posta Shqiptare ka luajtur nj\u00eb rol t\u00eb r\u00ebnd\u00ebsish\u00ebm n\u00eb manipulimin e procesit zgjedhor.<\/p>\n<p>Sipas Berish\u00ebs, kjo veprimtari ka ndodhur p\u00ebrmes shtimit t\u00eb zarfeve t\u00eb dyshimt\u00eb, duke c\u00ebnuar k\u00ebshtu transparenc\u00ebn dhe integritetin e zgjedhjeve.<\/p>\n<p>Ai theksoi se k\u00ebt\u00eb manipulim, q\u00eb \u00ebsht\u00eb n\u00eb shkall\u00ebn m\u00eb t\u00eb lart\u00eb t\u00eb kriminalizimit, \u00ebsht\u00eb e pamundur ta pranojn\u00eb qytetar\u00ebt dhe nuk mund t\u00eb konsiderohet nj\u00eb proces i drejt\u00eb dhe t\u00eb ndersh\u00ebm.<\/p>\n<p>\u201cAq vulgar dhe aq banal, saq\u00eb u doli t\u00ebr\u00ebsisht jasht\u00eb \u00e7do kontrolli dhe tani, nd\u00ebr t\u00eb tjera, dora e zez\u00eb e Post\u00ebs Shqiptare, \u00ebsht\u00eb nj\u00eb nga faktor\u00ebt e tjer\u00eb q\u00eb u shtri mbi vot\u00ebn e diaspor\u00ebs.<\/p>\n<p>Imagjinoni ju magazinat e Post\u00ebs Shqiptare, se si lukunia e patronazhist\u00ebve rib\u00ebri nga e para votat si\u00e7 deshi.<\/p>\n<p>Ky \u00ebsht\u00eb nj\u00eb proces i kriminalizuar n\u00eb shkall\u00ebn m\u00eb t\u00eb lart\u00eb, q\u00eb kurr\u00eb nuk do njihet dhe nuk do pranohet.<\/p>\n<p>P\u00ebr t\u00eb ilustruar k\u00ebto q\u00eb them, kemi sjell\u00eb vet\u00ebm disa shembuj.<\/p>\n<p>Kemi sjell\u00eb k\u00ebtu disa shembuj, ku n\u00eb Lezh\u00eb vota t\u00eb num\u00ebruara jan\u00eb 12.290, kurse t\u00eb d\u00ebrguara jan\u00eb 11.872.<\/p>\n<p>Kjo sepse ata q\u00eb kan\u00eb plot\u00ebsuar zarfet, ata nuk kan\u00eb pasur t\u00eb ndalur, kan\u00eb tejkaluar edhe k\u00ebt\u00eb t\u00eb dh\u00ebn\u00eb.<\/p>\n<p>K\u00ebtu n\u00eb Dib\u00ebr, nga 7733 zarfe t\u00eb num\u00ebruar, jan\u00eb d\u00ebrguar vet\u00ebm 7547 zarfe n\u00eb total. Edhe k\u00ebtu jan\u00eb shtuar 200 zarfe p\u00ebr t\u00eb ndihmuar partin\u00eb.<\/p>\n<p>N\u00eb Durr\u00ebs jan\u00eb shtuar 560 zarfe m\u00eb shum\u00eb.<\/p>\n<p>N\u00eb Fier, 27.191 zarfe jan\u00eb num\u00ebruar, n\u00eb fakt kan\u00eb qen\u00eb gjithsej 26.212, pra pothuajse 1 mij\u00eb zarfe m\u00eb shum\u00eb.<\/p>\n<p>N\u00eb Kuk\u00ebs, 3003 zarfe, kan\u00eb gjithsej 2917 n\u00eb total.<\/p>\n<p>N\u00eb Shkod\u00ebr, jan\u00eb num\u00ebruar 13.959 zarfe, kan\u00eb qen\u00eb gjithsej 13.533 zarfe n\u00eb total.<\/p>\n<p>N\u00eb Tiran\u00eb, jan\u00eb num\u00ebruar 43.773 zarfe nga 42.400 n\u00eb total, pra 1300 m\u00eb shum\u00eb.<\/p>\n<p>E shihni pra q\u00eb nuk jan\u00eb ngopur s\u00eb futuri zarfe n\u00eb kutit\u00eb q\u00eb kan\u00eb ardhur, n\u00eb post\u00eb, n\u00eb magazin\u00eb apo kudo.<\/p>\n<p>Tani kemi sjell\u00eb disa shembuj t\u00eb votimit si n\u00eb Koren\u00eb e Veriut ose si n\u00eb vitet \u201980 n\u00eb Shqip\u00ebri, ku 97 p\u00ebrqind i ka PS, 3 p\u00ebrqind i ka ASHM.<\/p>\n<p>Rikthehen rekordet e Kores\u00eb s\u00eb Veriut n\u00eb Shqip\u00ebri.<br \/>\n93.8 p\u00ebrqind, rezultat rus e quan k\u00ebt\u00eb nj\u00eb demokrate e vendosur.<\/p>\n<p>Tjet\u00ebr.<\/p>\n<p>28 vota me 371 vota, rreth 90 p\u00ebrqind. K\u00ebtu 16 vota me 272 vota, nuk ngopen patronazhist\u00ebt, ata kan\u00eb nj\u00eb urrejtje t\u00eb tmerrshme p\u00ebr armikun, p\u00ebr kund\u00ebrshtarin, saq\u00eb nuk din\u00eb se \u00e7\u2019b\u00ebjn\u00eb.<\/p>\n<p>Kjo pra \u00ebsht\u00eb fytyra e v\u00ebrtet\u00eb e vot\u00ebs s\u00eb diaspor\u00ebs\u201d, tha Berisha.<\/p>\n","protected":false},"excerpt":{"rendered":"<p>Kreu i Partis\u00eb Demokratike, Sali Berisha, n\u00eb nj\u00eb deklarat\u00eb p\u00ebr mediat ka denoncuar masakr\u00ebn me votat e diaspor\u00ebs, duke akuzuar se Posta Shqiptare ka luajtur nj\u00eb rol t\u00eb r\u00ebnd\u00ebsish\u00ebm n\u00eb manipulimin e procesit zgjedhor. Sipas Berish\u00ebs, kjo veprimtari ka ndodhur p\u00ebrmes shtimit t\u00eb zarfeve t\u00eb dyshimt\u00eb, duke c\u00ebnuar k\u00ebshtu transparenc\u00ebn dhe integritetin e zgjedhjeve. Ai &hellip;<\/p>\n","protected":false},"author":4,"featured_media":114517,"comment_status":"closed","ping_status":"closed","sticky":false,"template":"","format":"standard","meta":{"footnotes":""},"categories":[37],"tags":[],"class_list":["post-114516","post","type-post","status-publish","format-standard","has-post-thumbnail","","category-politike"],"_links":{"self":[{"href":"https:\/\/rdnews.al\/index.php\/wp-json\/wp\/v2\/posts\/114516","targetHints":{"allow":["GET"]}}],"collection":[{"href":"https:\/\/rdnews.al\/index.php\/wp-json\/wp\/v2\/posts"}],"about":[{"href":"https:\/\/rdnews.al\/index.php\/wp-json\/wp\/v2\/types\/post"}],"author":[{"embeddable":true,"href":"https:\/\/rdnews.al\/index.php\/wp-json\/wp\/v2\/users\/4"}],"replies":[{"embeddable":true,"href":"https:\/\/rdnews.al\/index.php\/wp-json\/wp\/v2\/comments?post=114516"}],"version-history":[{"count":1,"href":"https:\/\/rdnews.al\/index.php\/wp-json\/wp\/v2\/posts\/114516\/revisions"}],"predecessor-version":[{"id":114518,"href":"https:\/\/rdnews.al\/index.php\/wp-json\/wp\/v2\/posts\/114516\/revisions\/114518"}],"wp:featuredmedia":[{"embeddable":true,"href":"https:\/\/rdnews.al\/index.php\/wp-json\/wp\/v2\/media\/114517"}],"wp:attachment":[{"href":"https:\/\/rdnews.al\/index.php\/wp-json\/wp\/v2\/media?parent=114516"}],"wp:term":[{"taxonomy":"category","embeddable":true,"href":"https:\/\/rdnews.al\/index.php\/wp-json\/wp\/v2\/categories?post=114516"},{"taxonomy":"post_tag","embeddable":true,"href":"https:\/\/rdnews.al\/index.php\/wp-json\/wp\/v2\/tags?post=114516"}],"curies":[{"name":"wp","href":"https:\/\/api.w.org\/{rel}","templated":true}]}}