{"id":114522,"date":"2025-05-21T11:27:43","date_gmt":"2025-05-21T11:27:43","guid":{"rendered":"https:\/\/rdnews.al\/?p=114522"},"modified":"2025-05-21T11:28:01","modified_gmt":"2025-05-21T11:28:01","slug":"berisha-ervis-doci-e-ka-gjithcka-me-licence-nga-edi-dhe-olsi-rama-portin-e-durresit-e-kontrollon-troplini-prandaj-u-njoftua-qe-te-ikte","status":"publish","type":"post","link":"https:\/\/rdnews.al\/index.php\/2025\/05\/21\/berisha-ervis-doci-e-ka-gjithcka-me-licence-nga-edi-dhe-olsi-rama-portin-e-durresit-e-kontrollon-troplini-prandaj-u-njoftua-qe-te-ikte\/","title":{"rendered":"Ervis Do\u00e7i e ka gjith\u00e7ka me licenc\u00eb nga Edi dhe Olsi Rama! Portin e Durr\u00ebsit e kontrollon Troplini, prandaj u njoftua q\u00eb t\u00eb ikte"},"content":{"rendered":"<p>Lideri i opozit\u00ebs, Sali Berisha ka b\u00ebr\u00eb akuza t\u00eb forta ndaj qeveris\u00eb, duke lidhur trafikimin e kokain\u00ebs me portin e Durr\u00ebsit dhe strukturat e larta t\u00eb shtetit.<br \/>\nBerisha tha se, porti i Durr\u00ebsit \u00ebsht\u00eb shnd\u00ebrruar n\u00eb nj\u00eb pik\u00eb kryesore t\u00eb hyrjes s\u00eb kokain\u00ebs n\u00eb Europ\u00eb, dhe kjo ka ndodhur p\u00ebr shkak t\u00eb kontrollit t\u00eb plot\u00eb t\u00eb portit nga grupi i Troplin\u00ebve, me mb\u00ebshtetje t\u00eb nivelit t\u00eb lart\u00eb t\u00eb qeveris\u00eb, p\u00ebrfshir\u00eb Edi Ram\u00ebn dhe Olsi Ram\u00ebn.<br \/>\n\u201cK\u00ebtu un\u00eb para jush dhe n\u00eb m\u00ebnyr\u00eb t\u00eb p\u00ebrs\u00ebritur kam deklaruar se Porti i Durr\u00ebsit \u00ebsht\u00eb shnd\u00ebrruar n\u00eb portin e hyrjes m\u00eb t\u00eb madhe t\u00eb kokain\u00ebs n\u00eb Europ\u00eb.<br \/>\nE kam deklaruar k\u00ebt\u00eb pas faktesh dhe informacionesh t\u00eb shumta q\u00eb kam pasur.<br \/>\nSepse Porti i Durr\u00ebsit u la jasht\u00eb \u00e7do kontrolli.<br \/>\nPirro Vengu u lart\u00ebsua n\u00eb minist\u00ebr dhe kontrollin e v\u00ebrtet\u00eb t\u00eb portit e kan\u00eb me 100 p\u00ebrqind vet\u00ebm Troplin\u00ebt.<br \/>\nAty ka grupe t\u00eb tjera, un\u00eb mund t\u2019i citoja, por jo.<br \/>\nPorti i Durr\u00ebsit dhe kokaina hyn e t\u00ebra tani n\u00eb Shqip\u00ebri n\u00ebp\u00ebrmjet Troplin\u00ebve.<br \/>\nN\u00eb k\u00ebt\u00eb drejtim, un\u00eb p\u00ebrsh\u00ebndes Antimafien Italiane.<br \/>\nAntimafien se Spaku aty ishte, t\u00eb themi at\u00eb q\u00eb \u00ebsht\u00eb.<br \/>\nPor ky \u00ebsht\u00eb operacion n\u00eb vazhdim.<br \/>\nT\u00eb presim, sa u arrestuan. Jan\u00eb l\u00ebshuar 52 urdhra-arresti. Nuk u tha se sa u arrestuan dhe nuk u tha asnj\u00eb gjeneralitet.<br \/>\nT\u00eb them un\u00eb ty, eksponent\u00ebt kryesor\u00eb u njoftuan dhe ik\u00ebn.<br \/>\nMatriksi vazhdon t\u00eb funksionoj\u00eb.<br \/>\nPor un\u00eb p\u00ebrg\u00ebzoj Antimafien Italiane q\u00eb \u00ebsht\u00eb nj\u00eb institucion i shk\u00eblqyer q\u00eb kontribuon p\u00ebr sigurin\u00eb jo vet\u00ebm n\u00eb Itali, por edhe n\u00eb Shqip\u00ebri.<br \/>\nDhe ky nuk \u00ebsh\u00ebt rasti i par\u00eb, jan\u00eb nj\u00eb seri goditjesh.<br \/>\nI garantoj se Ervis Do\u00e7i apo fam\u00ebziu Poja ka gjith\u00e7ka me licenc\u00eb t\u00eb Edi Ram\u00ebs dhe Olsi Ram\u00ebs.<br \/>\nPra, prapa trafikut monstruoz t\u00eb kokain\u00ebs q\u00ebndrojn\u00eb ata q\u00eb e kan\u00eb l\u00ebn\u00eb portin dhe un\u00eb k\u00ebt\u00eb e kam denoncuar me dhjet\u00ebra her\u00eb q\u00eb porti i \u00ebsht\u00eb dor\u00ebzuar Troplinit.<br \/>\nNdaj u njoftua t\u00eb ik\u00eb ai.<br \/>\nPra, po ta marrim k\u00ebshtu, Toto Rina \u00ebsht\u00eb n\u00eb kryeministri, n\u00ebn-Toto Rina ia mbathi.<br \/>\nNuk them, tha, gjeneralitete. I kemi sekret.<br \/>\nPo \u00e7\u2019sekret i ke? Ke shkuar dhe ke arrestuar pastruesit dhe shofer\u00ebt.<br \/>\nNa thuaj pak kush e njoftoi Poj\u00ebn q\u00eb iku?<br \/>\nAi ishte padroni i portit. Dhe natyrisht i zgjedhjeve dhe t\u00eb gjithave.<br \/>\nUn\u00eb ua thash\u00eb edhe mbr\u00ebm\u00eb. Altin Hajri, me dosjen e t\u00eb cilit \u00ebsht\u00eb marr\u00eb direkt Dumani, ka ndaluar makin\u00ebn dhe ka shkuar n\u00eb form\u00eb presioni tek kandidatja jon\u00eb n\u00eb Hardhisht\u00eb.<br \/>\nPo, vet\u00ebm e vet\u00ebm si form\u00eb presioni q\u00eb k\u00ebtu jam un\u00eb.<br \/>\nPo ai ka me vete Dumanin dhe Ulsiun, dy kostumet q\u00eb i thoshte, merrja pak mas\u00ebn atij q\u00eb t\u2019ia b\u00ebjm\u00eb dy kostume, se u soll mir\u00eb ai, i q\u00ebndroi fjal\u00ebs.<br \/>\nKa ministrin. Kjo \u00ebsht\u00eb e v\u00ebrteta.<br \/>\nPor un\u00eb edhe nj\u00ebher\u00eb shpreh vler\u00ebsimin m\u00eb t\u00eb madh se ajo pak luft\u00eb q\u00eb \u00ebsht\u00eb b\u00ebr\u00eb kund\u00ebr narkoshtetit, \u00ebsht\u00eb b\u00ebr\u00eb nga Antimafia Italiane\u201d, u shpreh Berisha.<\/p>\n","protected":false},"excerpt":{"rendered":"<p>Lideri i opozit\u00ebs, Sali Berisha ka b\u00ebr\u00eb akuza t\u00eb forta ndaj qeveris\u00eb, duke lidhur trafikimin e kokain\u00ebs me portin e Durr\u00ebsit dhe strukturat e larta t\u00eb shtetit. Berisha tha se, porti i Durr\u00ebsit \u00ebsht\u00eb shnd\u00ebrruar n\u00eb nj\u00eb pik\u00eb kryesore t\u00eb hyrjes s\u00eb kokain\u00ebs n\u00eb Europ\u00eb, dhe kjo ka ndodhur p\u00ebr shkak t\u00eb kontrollit t\u00eb plot\u00eb &hellip;<\/p>\n","protected":false},"author":4,"featured_media":114523,"comment_status":"closed","ping_status":"closed","sticky":false,"template":"","format":"standard","meta":{"footnotes":""},"categories":[37],"tags":[],"class_list":["post-114522","post","type-post","status-publish","format-standard","has-post-thumbnail","","category-politike"],"_links":{"self":[{"href":"https:\/\/rdnews.al\/index.php\/wp-json\/wp\/v2\/posts\/114522","targetHints":{"allow":["GET"]}}],"collection":[{"href":"https:\/\/rdnews.al\/index.php\/wp-json\/wp\/v2\/posts"}],"about":[{"href":"https:\/\/rdnews.al\/index.php\/wp-json\/wp\/v2\/types\/post"}],"author":[{"embeddable":true,"href":"https:\/\/rdnews.al\/index.php\/wp-json\/wp\/v2\/users\/4"}],"replies":[{"embeddable":true,"href":"https:\/\/rdnews.al\/index.php\/wp-json\/wp\/v2\/comments?post=114522"}],"version-history":[{"count":2,"href":"https:\/\/rdnews.al\/index.php\/wp-json\/wp\/v2\/posts\/114522\/revisions"}],"predecessor-version":[{"id":114525,"href":"https:\/\/rdnews.al\/index.php\/wp-json\/wp\/v2\/posts\/114522\/revisions\/114525"}],"wp:featuredmedia":[{"embeddable":true,"href":"https:\/\/rdnews.al\/index.php\/wp-json\/wp\/v2\/media\/114523"}],"wp:attachment":[{"href":"https:\/\/rdnews.al\/index.php\/wp-json\/wp\/v2\/media?parent=114522"}],"wp:term":[{"taxonomy":"category","embeddable":true,"href":"https:\/\/rdnews.al\/index.php\/wp-json\/wp\/v2\/categories?post=114522"},{"taxonomy":"post_tag","embeddable":true,"href":"https:\/\/rdnews.al\/index.php\/wp-json\/wp\/v2\/tags?post=114522"}],"curies":[{"name":"wp","href":"https:\/\/api.w.org\/{rel}","templated":true}]}}