{"id":114526,"date":"2025-05-21T11:37:53","date_gmt":"2025-05-21T11:37:53","guid":{"rendered":"https:\/\/rdnews.al\/?p=114526"},"modified":"2025-05-21T11:37:53","modified_gmt":"2025-05-21T11:37:53","slug":"berisha-nuk-pranojme-kurre-zgjedhje-te-tilla-askush-nuk-mund-te-na-imponohet-qe-ti-pranojme-ato","status":"publish","type":"post","link":"https:\/\/rdnews.al\/index.php\/2025\/05\/21\/berisha-nuk-pranojme-kurre-zgjedhje-te-tilla-askush-nuk-mund-te-na-imponohet-qe-ti-pranojme-ato\/","title":{"rendered":"Berisha: Nuk pranojm\u00eb kurr\u00eb zgjedhje t\u00eb tilla, askush nuk mund t\u00eb na imponohet q\u00eb t\u2019i pranojm\u00eb ato"},"content":{"rendered":"<p>Lideri i opozit\u00ebs, Sali Berisha, ka deklaruar se Partia Demokratike nuk do t\u00eb pranoj\u00eb zgjedhje t\u00eb tilla si ato t\u00eb vitit 2025, duke theksuar se askush nuk mund t\u2019i imponoj\u00eb forc\u00ebs opozitare q\u00eb t\u00eb pranoj\u00eb nj\u00eb proces zgjedhor t\u00eb manipuluar.<\/p>\n<p>Sipas Berish\u00ebs, zgjedhjet jan\u00eb nj\u00eb proces komb\u00ebtar dhe nd\u00ebrkomb\u00ebtar, dhe Shqip\u00ebria \u00ebsht\u00eb n\u00ebn angazhimin e dokumenteve nd\u00ebrkomb\u00ebtare, si\u00e7 \u00ebsht\u00eb Dokumenti i Kopenhagenit, p\u00ebr t\u00eb garantuar zgjedhje t\u00eb lira dhe t\u00eb ndershme.<\/p>\n<p>\u201cT\u00eb gjitha vendimet do merren n\u00eb vazhdim, por zgjedhjet ne nuk mund t\u2019i pranojm\u00eb, sepse ne nuk mund t\u00eb pranoj\u00eb zgjedhje t\u00eb tilla.<\/p>\n<p>Zgjedhje t\u00eb tilla nuk mund t\u2019i pranojm\u00eb kurr\u00eb dhe nuk mund t\u00eb na imponoj\u00eb ne kush q\u00eb t\u2019i pranojm\u00eb k\u00ebto zgjedhje. Por zgjedhjet jan\u00eb nj\u00eb proces komb\u00ebtar dhe nd\u00ebrkomb\u00ebtar.<\/p>\n<p>\u00cbsht\u00eb nj\u00eb proces nd\u00ebrkomb\u00ebtar sepse parimet e zgjedhjeve t\u00eb lira jan\u00eb sanksionuar n\u00eb nj\u00eb seri dokumentesh, t\u00eb cilat jan\u00eb firmosur nga Shqip\u00ebria, nd\u00ebr t\u00eb cilat dokumenti i Kopenhagenit.<\/p>\n<p>Cilido nga ju q\u00eb lexon raportin q\u00eb e ka tronditur gjer n\u00eb palc\u00eb, Edi Rama po b\u00ebn \u00e7do p\u00ebrpjekje nga m\u00eb banditesket, sh\u00ebnojeni ju lutem, p\u00ebr t\u00eb nd\u00ebrhyr\u00eb, por sukses nuk do ket\u00eb.<\/p>\n<p>Sukses nuk do ket\u00eb! Kjo \u00ebsht\u00eb p\u00ebrgjigjja\u201d, tha Berisha.<\/p>\n","protected":false},"excerpt":{"rendered":"<p>Lideri i opozit\u00ebs, Sali Berisha, ka deklaruar se Partia Demokratike nuk do t\u00eb pranoj\u00eb zgjedhje t\u00eb tilla si ato t\u00eb vitit 2025, duke theksuar se askush nuk mund t\u2019i imponoj\u00eb forc\u00ebs opozitare q\u00eb t\u00eb pranoj\u00eb nj\u00eb proces zgjedhor t\u00eb manipuluar. Sipas Berish\u00ebs, zgjedhjet jan\u00eb nj\u00eb proces komb\u00ebtar dhe nd\u00ebrkomb\u00ebtar, dhe Shqip\u00ebria \u00ebsht\u00eb n\u00ebn angazhimin e &hellip;<\/p>\n","protected":false},"author":4,"featured_media":114527,"comment_status":"closed","ping_status":"closed","sticky":false,"template":"","format":"standard","meta":{"footnotes":""},"categories":[37],"tags":[],"class_list":["post-114526","post","type-post","status-publish","format-standard","has-post-thumbnail","","category-politike"],"_links":{"self":[{"href":"https:\/\/rdnews.al\/index.php\/wp-json\/wp\/v2\/posts\/114526","targetHints":{"allow":["GET"]}}],"collection":[{"href":"https:\/\/rdnews.al\/index.php\/wp-json\/wp\/v2\/posts"}],"about":[{"href":"https:\/\/rdnews.al\/index.php\/wp-json\/wp\/v2\/types\/post"}],"author":[{"embeddable":true,"href":"https:\/\/rdnews.al\/index.php\/wp-json\/wp\/v2\/users\/4"}],"replies":[{"embeddable":true,"href":"https:\/\/rdnews.al\/index.php\/wp-json\/wp\/v2\/comments?post=114526"}],"version-history":[{"count":1,"href":"https:\/\/rdnews.al\/index.php\/wp-json\/wp\/v2\/posts\/114526\/revisions"}],"predecessor-version":[{"id":114528,"href":"https:\/\/rdnews.al\/index.php\/wp-json\/wp\/v2\/posts\/114526\/revisions\/114528"}],"wp:featuredmedia":[{"embeddable":true,"href":"https:\/\/rdnews.al\/index.php\/wp-json\/wp\/v2\/media\/114527"}],"wp:attachment":[{"href":"https:\/\/rdnews.al\/index.php\/wp-json\/wp\/v2\/media?parent=114526"}],"wp:term":[{"taxonomy":"category","embeddable":true,"href":"https:\/\/rdnews.al\/index.php\/wp-json\/wp\/v2\/categories?post=114526"},{"taxonomy":"post_tag","embeddable":true,"href":"https:\/\/rdnews.al\/index.php\/wp-json\/wp\/v2\/tags?post=114526"}],"curies":[{"name":"wp","href":"https:\/\/api.w.org\/{rel}","templated":true}]}}