{"id":114532,"date":"2025-05-21T11:45:59","date_gmt":"2025-05-21T11:45:59","guid":{"rendered":"https:\/\/rdnews.al\/?p=114532"},"modified":"2025-05-21T11:46:31","modified_gmt":"2025-05-21T11:46:31","slug":"berisha-ne-po-sensibilizojme-komunitetin-nderkombetar-per-farsen-zgjedhore-qe-ndodhi-me-11-maj","status":"publish","type":"post","link":"https:\/\/rdnews.al\/index.php\/2025\/05\/21\/berisha-ne-po-sensibilizojme-komunitetin-nderkombetar-per-farsen-zgjedhore-qe-ndodhi-me-11-maj\/","title":{"rendered":"Berisha: Ne po sensibilizojm\u00eb komunitetin nd\u00ebrkomb\u00ebtar p\u00ebr fars\u00ebn zgjedhore q\u00eb ndodhi me 11 Maj"},"content":{"rendered":"<p>Lideri i opozit\u00ebs Sali Berisha, gjat\u00eb deklarat\u00ebs p\u00ebr media ka paralajm\u00ebruar se opozita po sensibilizon komunitetin nd\u00ebrkomb\u00ebtar p\u00ebr fars\u00ebn zgjedhore q\u00eb ndodhi m\u00eb 11 maj, duke theksuar se raportet e d\u00ebrguara jan\u00eb vet\u00ebm nj\u00eb pasqyr\u00eb paraprake e procesit dhe nuk p\u00ebrmbajn\u00eb asnj\u00eb informacion t\u00eb ri.<br \/>\nBerisha ka akuzuar qeverin\u00eb dhe strukturat e siguris\u00eb p\u00ebr shkeljen e parimeve themelore t\u00eb zgjedhjeve t\u00eb lira dhe p\u00ebr p\u00ebrdorimin e ish-bashk\u00ebpun\u00ebtor\u00ebve t\u00eb Sigurimit t\u00eb Shtetit p\u00ebr aktivitete t\u00eb paligjshme, duke e quajtur k\u00ebt\u00eb nj\u00eb shkelje t\u00eb r\u00ebnd\u00eb ligjore.<br \/>\n\u201cAsnj\u00eb let\u00ebr nuk \u00ebsht\u00eb d\u00ebrguar. Letra \u00ebsht\u00eb let\u00ebr, raporti \u00ebsht\u00eb raport.<br \/>\n\u00cbsht\u00eb nj\u00eb raport paraprak, q\u00eb \u00ebsht\u00eb shp\u00ebrndar\u00eb n\u00eb nj\u00eb num\u00ebr adresash n\u00eb Europ\u00eb dhe SHBA.<br \/>\nNj\u00eb raport fare paraprak, i cili nuk ka asnj\u00eb gj\u00eb tjet\u00ebr p\u00ebrve\u00e7se k\u00ebtyre q\u00eb u them un\u00eb k\u00ebtu, asnj\u00eb paragraf, asnj\u00eb rresht tjet\u00ebr.<br \/>\nNe po sensibilizojm\u00eb komunitetin nd\u00ebrkomb\u00ebtar p\u00ebr fars\u00ebn zgjedhore q\u00eb ndodhi me 11 Maj.<br \/>\nKy \u00ebsht\u00eb objektivi i pun\u00ebs ton\u00eb dhe ne do ia dalim.<br \/>\nPavar\u00ebsisht nga rrethanat, por askush nuk mund t\u00eb shkelmoj\u00eb parimet themelore t\u00eb zgjedhjeve t\u00eb lira, t\u00eb cilat u shkel\u00ebn s\u00eb bashku me vullnetin e qytetar\u00ebve shqiptar\u00eb n\u00eb m\u00ebnyr\u00ebn m\u00eb t\u00eb pam\u00ebshir\u00eb&#8230;<br \/>\n&#8230;E kam deklaruar un\u00eb q\u00eb dy z\u00ebvend\u00ebsdrejtor\u00ebt e sh\u00ebrbimit sekret kan\u00eb marr\u00eb detyr\u00eb, un\u00eb mund t\u00eb thosha drejtoresha, por jo, nuk them p\u00ebr at\u00eb, jan\u00eb dy z\u00ebvend\u00ebsdrejtor\u00ebt q\u00eb kan\u00eb marr\u00eb t\u00eb gjith\u00eb regjistrat dhe kartelet e ish-bashk\u00ebpun\u00ebtor\u00ebve t\u00eb Sigurimit t\u00eb Shtetit, aq sa kan\u00eb mbetur, se nj\u00eb pjes\u00eb nuk jan\u00eb, dhe i kan\u00eb aktivizuar, n\u00eb kund\u00ebrshtim me \u00e7do ligj.<br \/>\nE kam th\u00ebn\u00eb publikisht k\u00ebt\u00eb.<br \/>\nUn\u00eb e kam th\u00ebn\u00eb k\u00ebt\u00eb fill pas zgjedhjeve.<br \/>\nNuk ka asnj\u00eb sekret ndaj jush\u201d, tha Berisha.<\/p>\n","protected":false},"excerpt":{"rendered":"<p>Lideri i opozit\u00ebs Sali Berisha, gjat\u00eb deklarat\u00ebs p\u00ebr media ka paralajm\u00ebruar se opozita po sensibilizon komunitetin nd\u00ebrkomb\u00ebtar p\u00ebr fars\u00ebn zgjedhore q\u00eb ndodhi m\u00eb 11 maj, duke theksuar se raportet e d\u00ebrguara jan\u00eb vet\u00ebm nj\u00eb pasqyr\u00eb paraprake e procesit dhe nuk p\u00ebrmbajn\u00eb asnj\u00eb informacion t\u00eb ri. Berisha ka akuzuar qeverin\u00eb dhe strukturat e siguris\u00eb p\u00ebr shkeljen &hellip;<\/p>\n","protected":false},"author":4,"featured_media":114517,"comment_status":"closed","ping_status":"closed","sticky":false,"template":"","format":"standard","meta":{"footnotes":""},"categories":[37],"tags":[],"class_list":["post-114532","post","type-post","status-publish","format-standard","has-post-thumbnail","","category-politike"],"_links":{"self":[{"href":"https:\/\/rdnews.al\/index.php\/wp-json\/wp\/v2\/posts\/114532","targetHints":{"allow":["GET"]}}],"collection":[{"href":"https:\/\/rdnews.al\/index.php\/wp-json\/wp\/v2\/posts"}],"about":[{"href":"https:\/\/rdnews.al\/index.php\/wp-json\/wp\/v2\/types\/post"}],"author":[{"embeddable":true,"href":"https:\/\/rdnews.al\/index.php\/wp-json\/wp\/v2\/users\/4"}],"replies":[{"embeddable":true,"href":"https:\/\/rdnews.al\/index.php\/wp-json\/wp\/v2\/comments?post=114532"}],"version-history":[{"count":1,"href":"https:\/\/rdnews.al\/index.php\/wp-json\/wp\/v2\/posts\/114532\/revisions"}],"predecessor-version":[{"id":114533,"href":"https:\/\/rdnews.al\/index.php\/wp-json\/wp\/v2\/posts\/114532\/revisions\/114533"}],"wp:featuredmedia":[{"embeddable":true,"href":"https:\/\/rdnews.al\/index.php\/wp-json\/wp\/v2\/media\/114517"}],"wp:attachment":[{"href":"https:\/\/rdnews.al\/index.php\/wp-json\/wp\/v2\/media?parent=114532"}],"wp:term":[{"taxonomy":"category","embeddable":true,"href":"https:\/\/rdnews.al\/index.php\/wp-json\/wp\/v2\/categories?post=114532"},{"taxonomy":"post_tag","embeddable":true,"href":"https:\/\/rdnews.al\/index.php\/wp-json\/wp\/v2\/tags?post=114532"}],"curies":[{"name":"wp","href":"https:\/\/api.w.org\/{rel}","templated":true}]}}