{"id":114537,"date":"2025-05-21T12:01:35","date_gmt":"2025-05-21T12:01:35","guid":{"rendered":"https:\/\/rdnews.al\/?p=114537"},"modified":"2025-05-21T12:02:41","modified_gmt":"2025-05-21T12:02:41","slug":"berisha-per-olten-rama-i-ve-flaken-jo-gjylametit-por-gjysmes-se-grupit-parlamentar","status":"publish","type":"post","link":"https:\/\/rdnews.al\/index.php\/2025\/05\/21\/berisha-per-olten-rama-i-ve-flaken-jo-gjylametit-por-gjysmes-se-grupit-parlamentar\/","title":{"rendered":"Berisha: P\u00ebr Olt\u00ebn, Rama i v\u00eb flak\u00ebn jo Gjylametit, por gjysm\u00ebs s\u00eb grupit parlamentar!"},"content":{"rendered":"<p>Kryetari i PD, Sali Berisha, ka akuzuar kryeministrin Rama p\u00ebr nd\u00ebrhyrje dhe k\u00ebrc\u00ebnime ndaj deputet\u00ebve, duke theksuar se ai ka l\u00ebshuar nj\u00eb udh\u00ebzim q\u00eb ndalon k\u00ebrkes\u00ebn p\u00ebr rinum\u00ebrimin e votave, p\u00ebr shkak t\u00eb frik\u00ebs se mund t\u00eb dalin &#8220;lakrat n\u00eb shesh&#8221;.<br \/>\nBerisha ka theksuar se Rama ka pasur nj\u00eb interes t\u00eb ve\u00e7ant\u00eb p\u00ebr t\u00eb mbrojtur deputeten Olta Xha\u00e7ka, duke theksuar se ky \u00ebsht\u00eb nj\u00eb shembull i nd\u00ebrhyrjeve t\u00eb pandershme n\u00eb procesin zgjedhor.<br \/>\n<b>&#8220;<\/b>Tani, n\u00eb nj\u00eb gar\u00eb t\u00eb ngusht\u00eb, ta z\u00ebm\u00eb, apo n\u00eb nj\u00eb gar\u00eb ku garojn\u00eb shum\u00eb kandidat\u00eb p\u00ebr nj\u00eb num\u00ebr t\u00eb pak\u00ebt vendesh, kandidat\u00ebt krijojn\u00eb dyshime se num\u00ebrimi nuk u b\u00eb si duhet.<br \/>\nP\u00ebr k\u00ebt\u00eb Edi Rama l\u00ebshoi nj\u00eb udh\u00ebzim dhe i k\u00ebrc\u00ebnoi q\u00eb ata t\u00eb mos k\u00ebrkojn\u00eb rinum\u00ebrimin sepse i dalin lakrat n\u00eb shesh.<br \/>\nDel se Olta, dihen ato lidhjet e tyre me Olt\u00ebn, dihen ato, del jasht\u00eb parlamentit.<br \/>\nKaq, por Olta nuk mund t\u00eb dal\u00eb jasht\u00eb parlamentit se ata jan\u00eb nj\u00eb familje n\u00eb aksione dhe shum\u00eb gj\u00ebra.<br \/>\nK\u00ebshtu q\u00eb ky \u00ebsht\u00eb urdh\u00ebr.<br \/>\nUn\u00eb nuk e b\u00ebj kurr\u00eb nj\u00eb gj\u00eb t\u00eb till\u00eb.<br \/>\nCilido q\u00eb ka dyshimin m\u00eb t\u00eb vog\u00ebl, t\u00eb shkoj\u00eb dhe t\u00eb k\u00ebrkoj\u00eb.<br \/>\nKjo \u00ebsht\u00eb e drejt\u00eb.<br \/>\nNuk mund t\u00eb m\u00eb shkoj\u00eb mendja mua q\u00eb t\u00eb k\u00ebrkoj q\u00eb mos b\u00ebj k\u00ebt\u00eb ose b\u00ebj k\u00ebt\u00eb.<br \/>\nN\u00eb qoft\u00eb se ka num\u00ebrim t\u00eb gabuar, t\u00eb dal\u00eb q\u00eb \u00ebsht\u00eb i gabuar.<br \/>\nN\u00ebse \u00ebsht\u00eb i drejt\u00eb, del se \u00ebsht\u00eb i drejt\u00eb.<br \/>\nPor ai kishte hallin e Olt\u00ebs.<br \/>\nMe Olt\u00ebn, jo Gjylametit, por ai \u00ebsht\u00eb i aft\u00eb t\u2019i v\u00ebr\u00eb flak\u00ebn gjysm\u00ebs s\u00eb grupit parlamentar.<br \/>\nCherchez la femme!&#8221;, tha Berisha.<\/p>\n","protected":false},"excerpt":{"rendered":"<p>Kryetari i PD, Sali Berisha, ka akuzuar kryeministrin Rama p\u00ebr nd\u00ebrhyrje dhe k\u00ebrc\u00ebnime ndaj deputet\u00ebve, duke theksuar se ai ka l\u00ebshuar nj\u00eb udh\u00ebzim q\u00eb ndalon k\u00ebrkes\u00ebn p\u00ebr rinum\u00ebrimin e votave, p\u00ebr shkak t\u00eb frik\u00ebs se mund t\u00eb dalin &#8220;lakrat n\u00eb shesh&#8221;. Berisha ka theksuar se Rama ka pasur nj\u00eb interes t\u00eb ve\u00e7ant\u00eb p\u00ebr t\u00eb mbrojtur &hellip;<\/p>\n","protected":false},"author":4,"featured_media":114527,"comment_status":"closed","ping_status":"closed","sticky":false,"template":"","format":"standard","meta":{"footnotes":""},"categories":[37],"tags":[],"class_list":["post-114537","post","type-post","status-publish","format-standard","has-post-thumbnail","","category-politike"],"_links":{"self":[{"href":"https:\/\/rdnews.al\/index.php\/wp-json\/wp\/v2\/posts\/114537","targetHints":{"allow":["GET"]}}],"collection":[{"href":"https:\/\/rdnews.al\/index.php\/wp-json\/wp\/v2\/posts"}],"about":[{"href":"https:\/\/rdnews.al\/index.php\/wp-json\/wp\/v2\/types\/post"}],"author":[{"embeddable":true,"href":"https:\/\/rdnews.al\/index.php\/wp-json\/wp\/v2\/users\/4"}],"replies":[{"embeddable":true,"href":"https:\/\/rdnews.al\/index.php\/wp-json\/wp\/v2\/comments?post=114537"}],"version-history":[{"count":3,"href":"https:\/\/rdnews.al\/index.php\/wp-json\/wp\/v2\/posts\/114537\/revisions"}],"predecessor-version":[{"id":114540,"href":"https:\/\/rdnews.al\/index.php\/wp-json\/wp\/v2\/posts\/114537\/revisions\/114540"}],"wp:featuredmedia":[{"embeddable":true,"href":"https:\/\/rdnews.al\/index.php\/wp-json\/wp\/v2\/media\/114527"}],"wp:attachment":[{"href":"https:\/\/rdnews.al\/index.php\/wp-json\/wp\/v2\/media?parent=114537"}],"wp:term":[{"taxonomy":"category","embeddable":true,"href":"https:\/\/rdnews.al\/index.php\/wp-json\/wp\/v2\/categories?post=114537"},{"taxonomy":"post_tag","embeddable":true,"href":"https:\/\/rdnews.al\/index.php\/wp-json\/wp\/v2\/tags?post=114537"}],"curies":[{"name":"wp","href":"https:\/\/api.w.org\/{rel}","templated":true}]}}