{"id":114577,"date":"2025-05-22T07:43:05","date_gmt":"2025-05-22T07:43:05","guid":{"rendered":"https:\/\/rdnews.al\/?p=114577"},"modified":"2025-05-22T11:40:51","modified_gmt":"2025-05-22T11:40:51","slug":"amnesty-international-modeli-meloni-i-kampit-te-gjadrit-sjell-vuajtje-dhe-vdekje","status":"publish","type":"post","link":"https:\/\/rdnews.al\/index.php\/2025\/05\/22\/amnesty-international-modeli-meloni-i-kampit-te-gjadrit-sjell-vuajtje-dhe-vdekje\/","title":{"rendered":"Modeli \u201cMeloni\u201d i kampit t\u00eb Gjadrit sjell vuajtje dhe vdekje!"},"content":{"rendered":"<p>Vet\u00ebvrasja e marokenit 42-vje\u00e7ar Hamid Badoui n\u00eb nj\u00eb burg t\u00eb Torinos pasi kishte q\u00ebndruar rreth 1 muaj n\u00eb kampin e Gjadrit n\u00eb Shqi\u00ebpri ka shkaktuar polemika t\u00eb shumta n\u00eb vendin fqinj. Ai i kishte deklaruar avokatit t\u00eb tij se kishte frik\u00eb se do ta rikthenin n\u00eb Gjad\u00ebr duke shtuar: \u201cM\u00eb mir\u00eb n\u00eb burg sesa n\u00eb Sh\u00ebngjin\u201d.<\/p>\n<p>Opozita italiane ka qen\u00eb e ashp\u00ebr me rastin duke sh\u00ebnjestuar qeverin\u00eb \u201cMeloni\u201d p\u00ebr kushtet \u00e7njer\u00ebzore t\u00eb trajtimit t\u00eb emigrant\u00ebve n\u00eb Gjad\u00ebr. Ka reaguar ashp\u00ebr edhe Amnesty International Italia q\u00eb n\u00eb nj\u00eb deklarat\u00eb t\u00eb saj thekson se \u201cModeli Meloni sjell vuajtje dhe vdekje\u201d.<\/p>\n<p>\u201cModeli i Shqip\u00ebris\u00eb\u201d \u2013 i promovuar nga qeveria italiane si nj\u00eb mjet inovativ p\u00ebr menaxhimin e migracionit \u2013 e p\u00ebrkeq\u00ebson m\u00eb tej k\u00ebt\u00eb logjik\u00eb. Struktura ekstraterritoriale, izolim gjeografik, akses i v\u00ebshtir\u00eb dhe i kufizuar n\u00eb garancit\u00eb ligjore, pengesa n\u00eb aksesin n\u00eb t\u00eb drejt\u00ebn p\u00ebr sh\u00ebndet\u00ebsi, ndalim administrativ i p\u00ebrhapur i p\u00ebrdorur n\u00eb m\u00ebnyr\u00eb nd\u00ebshkuese, n\u00eb vend q\u00eb t\u00eb jet\u00eb mjeti i fundit i parashikuar nga e drejta nd\u00ebrkomb\u00ebtare\u201d \u2013 thuhet n\u00eb deklarat\u00eb.<\/p>\n<p>\u201cN\u00eb Qendrat e Kujdesit Sh\u00ebndet\u00ebsor (CPR) n\u00eb Itali dhe n\u00eb qendrat e reja n\u00eb Shqip\u00ebri, njer\u00ebzit jetojn\u00eb n\u00eb kushte degraduese, pa qasje n\u00eb kujdesin e duhur, n\u00eb nj\u00eb klim\u00eb braktisjeje t\u00eb vazhdueshme dhe munges\u00eb informacioni. Protestat, vet\u00ebl\u00ebndimi dhe vet\u00ebvrasjet jan\u00eb simptomat m\u00eb t\u00eb dukshme t\u00eb nj\u00eb sistemi t\u00eb projektuar p\u00ebr t\u00eb izoluar dhe nd\u00ebshkuar.<\/p>\n<p>Vdekja e Hamid Badoui \u00ebsht\u00eb pasoj\u00eb e drejtp\u00ebrdrejt\u00eb e nj\u00eb sistemi politik q\u00eb p\u00ebrdor frik\u00ebn dhe shtr\u00ebngimin si mjete p\u00ebr (mos)menaxhimin e l\u00ebvizshm\u00ebris\u00eb njer\u00ebzore. Shnd\u00ebrrimi n\u00eb ligj i dekretit t\u00eb ri t\u00eb Shqip\u00ebris\u00eb q\u00eb u b\u00eb dje n\u00ebp\u00ebrmjet vot\u00ebbesimit n\u00eb Senat konfirmon strategjin\u00eb e qeveris\u00eb p\u00ebr t\u2019u p\u00ebrqendruar n\u00eb politika q\u00eb nuk respektojn\u00eb t\u00eb drejtat themelore t\u00eb njeriut, n\u00eb saj\u00eb t\u00eb nj\u00eb qasjeje thjesht propagandistike\u201d \u2013 thuhet n\u00eb deklarat\u00eb.<\/p>\n<p>Amnesty International Italia k\u00ebrkon nd\u00ebrprerjen e transfertave drejt Shqip\u00ebris\u00eb, nj\u00eb hetim t\u00eb pavarur mbi p\u00ebrgjegj\u00ebsit\u00eb institucionale q\u00eb lidhen me vdekjen e Hamid Badoui dhe t\u00eb gjitha shkeljet sistemike n\u00eb qendrat e paraburgimit administrativ.<\/p>\n<p>N\u00eb deklarat\u00eb k\u00ebrkohet hapja e nj\u00eb debati publik mbi d\u00ebshtimin e masave t\u00eb paraburgimit administrativ dhe politikave t\u00eb zhvendosjes s\u00eb paraburgimit dhe mbi nevoj\u00ebn p\u00ebr modele alternative, t\u00eb bazuara n\u00eb pritje, t\u00eb v\u00ebrtet\u00eb, drejt\u00ebsi dhe t\u00eb drejta. Italia dhe BE-ja kan\u00eb nevoj\u00eb p\u00ebr politika t\u00eb drejta dhe t\u00eb zbatueshme, jo p\u00ebr propagand\u00eb.<\/p>\n<p>\u201cSa her\u00eb q\u00eb nj\u00eb qenie njer\u00ebzore i jep fund jet\u00ebs s\u00eb vet p\u00ebr t\u00eb shmangur p\u00ebrfshirjen n\u00eb k\u00ebt\u00eb sistem, ne p\u00ebrballemi me d\u00ebshtimin rr\u00ebnj\u00ebsor t\u00eb politikave publike t\u00eb zbatuara ndaj njer\u00ebzve me prejardhje migrante . T\u00eb vazhdosh t\u00eb mb\u00ebshtes\u00ebsh \u201cmodelin shqiptar\u201d do t\u00eb thot\u00eb t\u00eb jesh bashk\u00ebfajtor n\u00eb nj\u00eb regjim ndalimi dhe refuzimi q\u00eb prodhon p\u00ebrjashtim, vuajtje, vdekje\u201d \u2013 mbyllet deklarata.<\/p>\n<p><img loading=\"lazy\" decoding=\"async\" class=\"alignnone size-medium wp-image-114578\" src=\"https:\/\/rdnews.al\/wp-content\/uploads\/2025\/05\/gjad-300x150.jpg\" alt=\"\" width=\"300\" height=\"150\" srcset=\"https:\/\/rdnews.al\/wp-content\/uploads\/2025\/05\/gjad-300x150.jpg 300w, https:\/\/rdnews.al\/wp-content\/uploads\/2025\/05\/gjad-768x384.jpg 768w, https:\/\/rdnews.al\/wp-content\/uploads\/2025\/05\/gjad-660x330.jpg 660w, https:\/\/rdnews.al\/wp-content\/uploads\/2025\/05\/gjad.jpg 900w\" sizes=\"auto, (max-width: 300px) 100vw, 300px\" \/><\/p>\n","protected":false},"excerpt":{"rendered":"<p>Vet\u00ebvrasja e marokenit 42-vje\u00e7ar Hamid Badoui n\u00eb nj\u00eb burg t\u00eb Torinos pasi kishte q\u00ebndruar rreth 1 muaj n\u00eb kampin e Gjadrit n\u00eb Shqi\u00ebpri ka shkaktuar polemika t\u00eb shumta n\u00eb vendin fqinj. Ai i kishte deklaruar avokatit t\u00eb tij se kishte frik\u00eb se do ta rikthenin n\u00eb Gjad\u00ebr duke shtuar: \u201cM\u00eb mir\u00eb n\u00eb burg sesa n\u00eb &hellip;<\/p>\n","protected":false},"author":4,"featured_media":91391,"comment_status":"closed","ping_status":"closed","sticky":false,"template":"","format":"standard","meta":{"footnotes":""},"categories":[37],"tags":[],"class_list":["post-114577","post","type-post","status-publish","format-standard","has-post-thumbnail","","category-politike"],"_links":{"self":[{"href":"https:\/\/rdnews.al\/index.php\/wp-json\/wp\/v2\/posts\/114577","targetHints":{"allow":["GET"]}}],"collection":[{"href":"https:\/\/rdnews.al\/index.php\/wp-json\/wp\/v2\/posts"}],"about":[{"href":"https:\/\/rdnews.al\/index.php\/wp-json\/wp\/v2\/types\/post"}],"author":[{"embeddable":true,"href":"https:\/\/rdnews.al\/index.php\/wp-json\/wp\/v2\/users\/4"}],"replies":[{"embeddable":true,"href":"https:\/\/rdnews.al\/index.php\/wp-json\/wp\/v2\/comments?post=114577"}],"version-history":[{"count":3,"href":"https:\/\/rdnews.al\/index.php\/wp-json\/wp\/v2\/posts\/114577\/revisions"}],"predecessor-version":[{"id":114633,"href":"https:\/\/rdnews.al\/index.php\/wp-json\/wp\/v2\/posts\/114577\/revisions\/114633"}],"wp:featuredmedia":[{"embeddable":true,"href":"https:\/\/rdnews.al\/index.php\/wp-json\/wp\/v2\/media\/91391"}],"wp:attachment":[{"href":"https:\/\/rdnews.al\/index.php\/wp-json\/wp\/v2\/media?parent=114577"}],"wp:term":[{"taxonomy":"category","embeddable":true,"href":"https:\/\/rdnews.al\/index.php\/wp-json\/wp\/v2\/categories?post=114577"},{"taxonomy":"post_tag","embeddable":true,"href":"https:\/\/rdnews.al\/index.php\/wp-json\/wp\/v2\/tags?post=114577"}],"curies":[{"name":"wp","href":"https:\/\/api.w.org\/{rel}","templated":true}]}}