{"id":114583,"date":"2025-05-22T08:57:12","date_gmt":"2025-05-22T08:57:12","guid":{"rendered":"https:\/\/rdnews.al\/?p=114583"},"modified":"2025-05-22T08:57:12","modified_gmt":"2025-05-22T08:57:12","slug":"kellici-zgjedhjet-nje-farse-e-organizuar-nga-shteti-dhe-krimi-i-organizuar","status":"publish","type":"post","link":"https:\/\/rdnews.al\/index.php\/2025\/05\/22\/kellici-zgjedhjet-nje-farse-e-organizuar-nga-shteti-dhe-krimi-i-organizuar\/","title":{"rendered":"K\u00eblli\u00e7i: Zgjedhjet, nj\u00eb fars\u00eb e organizuar nga shteti dhe krimi i organizuar!"},"content":{"rendered":"<p>Drejtuesi politik i PD p\u00ebr qarkun e Tiran\u00ebs, Belind K\u00eblli\u00e7i, ka reaguar n\u00eb rrjetet sociale pas p\u00ebrfundimit t\u00eb procesit zgjedhor, duke shprehur mir\u00ebnjohjen e tij p\u00ebr kontributin e strukturave t\u00eb PD-s\u00eb n\u00eb nj\u00ebsin\u00eb nr. 9 t\u00eb kryeqytetit.<\/p>\n<p>N\u00eb nj\u00eb postim n\u00eb Facebook, K\u00eblli\u00e7i falenderon ve\u00e7an\u00ebrisht kryetaren e deg\u00ebs, Eda Grimci, si dhe dy kandidat\u00ebt Dhurata \u00c7upi dhe Edith Harxhi, p\u00ebr angazhimin e tyre t\u00eb palodhur n\u00eb nj\u00eb gar\u00eb q\u00eb ai e cil\u00ebson si t\u00eb pabarabart\u00eb dhe t\u00eb manipuluar.<\/p>\n<div class=\"readmore-text-here\">\n<div id=\"rekl-13\">\n<div id=\"__sap-ad-15\" class=\"__sap-ads __sap-html inline tracked\" data-title=\"Credins desktop Brenda lajmit 08\"><\/div>\n<\/div>\n<p><strong>Postimi<\/strong><\/p>\n<p>D\u00ebshiroj sot t\u00eb shpreh nj\u00eb falenderim t\u00eb ve\u00e7ant\u00eb p\u00ebr demokrat\u00ebt e deg\u00ebs Nr. 9 [\ud83d\ude4f\ud83c\udffb]\n<p>Duke nisur me kryetaren, t\u00eb palodhur\u00ebn Eda Grimci dhe kandidatet tona, dy zonjat e nderuara Dhurata \u00c7upi dhe Edith Harxhi, duke vazhduar me shtabin e deg\u00ebs dhe t\u00eb gjith\u00eb trup\u00ebn elektorale q\u00eb dhan\u00eb kontributin e tyre me nj\u00eb sakrific\u00eb t\u00eb jasht\u00ebzakonshme, n\u00eb nj\u00eb gar\u00eb t\u00eb pabarabart\u00eb dhe t\u00eb padrejt\u00eb q\u00eb u provua t\u00eb ishte thjesht nj\u00eb fars\u00eb elektorale!<\/p>\n<p>Sigurisht q\u00eb rezultati nuk i reflekton p\u00ebrpjekjet tona t\u00eb p\u00ebrbashk\u00ebta. P\u00ebrball\u00eb kishim nj\u00eb makineri t\u00eb t\u00ebr\u00eb shtet\u00ebrore q\u00eb p\u00ebrdori \u00e7do burim n\u00eb dispozicion p\u00ebr t\u00eb deformuar vullnetin e shqiptar\u00ebve. Q\u00eb nga burimet shtet\u00ebrore dhe ato financiare t\u00eb krimit t\u00eb organizuar e duke vazhduar me mbushjen e kutive me vota me ngjyra t\u00eb ndryshme, t\u00eb ardhura me \u2018Trenin Bullgar\u2019.<\/p>\n<p>E megjithat\u00eb, vet\u00eb ekzistenca juaj si faktor\u00eb t\u00eb lir\u00eb n\u00eb politik\u00eb, jep shpres\u00ebn se Shqip\u00ebria do meritoj\u00eb zgjedhje t\u00eb lira e t\u00eb ndershme, si mekanizmi i vet\u00ebm demokratik p\u00ebr ndryshim.<br \/>\n<iframe loading=\"lazy\" src=\"https:\/\/www.facebook.com\/plugins\/post.php?href=https%3A%2F%2Fwww.facebook.com%2FBelindKellici.Official%2Fposts%2Fpfbid02Kwzyrd5zZ1UgbEqAaT7DHJQmRQoNR2dLuLSgWDXxJ9E9xMTVaJbeFE5MvVJqEzccl&amp;show_text=true&amp;width=500\" width=\"500\" height=\"793\" frameborder=\"0\" scrolling=\"no\" allowfullscreen=\"allowfullscreen\" data-mce-fragment=\"1\"><\/iframe><\/p>\n<\/div>\n<div id=\"rekl-33\"><\/div>\n","protected":false},"excerpt":{"rendered":"<p>Drejtuesi politik i PD p\u00ebr qarkun e Tiran\u00ebs, Belind K\u00eblli\u00e7i, ka reaguar n\u00eb rrjetet sociale pas p\u00ebrfundimit t\u00eb procesit zgjedhor, duke shprehur mir\u00ebnjohjen e tij p\u00ebr kontributin e strukturave t\u00eb PD-s\u00eb n\u00eb nj\u00ebsin\u00eb nr. 9 t\u00eb kryeqytetit. N\u00eb nj\u00eb postim n\u00eb Facebook, K\u00eblli\u00e7i falenderon ve\u00e7an\u00ebrisht kryetaren e deg\u00ebs, Eda Grimci, si dhe dy kandidat\u00ebt Dhurata &hellip;<\/p>\n","protected":false},"author":4,"featured_media":102349,"comment_status":"closed","ping_status":"closed","sticky":false,"template":"","format":"standard","meta":{"footnotes":""},"categories":[37],"tags":[],"class_list":["post-114583","post","type-post","status-publish","format-standard","has-post-thumbnail","","category-politike"],"_links":{"self":[{"href":"https:\/\/rdnews.al\/index.php\/wp-json\/wp\/v2\/posts\/114583","targetHints":{"allow":["GET"]}}],"collection":[{"href":"https:\/\/rdnews.al\/index.php\/wp-json\/wp\/v2\/posts"}],"about":[{"href":"https:\/\/rdnews.al\/index.php\/wp-json\/wp\/v2\/types\/post"}],"author":[{"embeddable":true,"href":"https:\/\/rdnews.al\/index.php\/wp-json\/wp\/v2\/users\/4"}],"replies":[{"embeddable":true,"href":"https:\/\/rdnews.al\/index.php\/wp-json\/wp\/v2\/comments?post=114583"}],"version-history":[{"count":1,"href":"https:\/\/rdnews.al\/index.php\/wp-json\/wp\/v2\/posts\/114583\/revisions"}],"predecessor-version":[{"id":114584,"href":"https:\/\/rdnews.al\/index.php\/wp-json\/wp\/v2\/posts\/114583\/revisions\/114584"}],"wp:featuredmedia":[{"embeddable":true,"href":"https:\/\/rdnews.al\/index.php\/wp-json\/wp\/v2\/media\/102349"}],"wp:attachment":[{"href":"https:\/\/rdnews.al\/index.php\/wp-json\/wp\/v2\/media?parent=114583"}],"wp:term":[{"taxonomy":"category","embeddable":true,"href":"https:\/\/rdnews.al\/index.php\/wp-json\/wp\/v2\/categories?post=114583"},{"taxonomy":"post_tag","embeddable":true,"href":"https:\/\/rdnews.al\/index.php\/wp-json\/wp\/v2\/tags?post=114583"}],"curies":[{"name":"wp","href":"https:\/\/api.w.org\/{rel}","templated":true}]}}