{"id":114613,"date":"2025-05-22T11:07:07","date_gmt":"2025-05-22T11:07:07","guid":{"rendered":"https:\/\/rdnews.al\/?p=114613"},"modified":"2025-05-22T11:07:07","modified_gmt":"2025-05-22T11:07:07","slug":"berisha-kriminelet-elektorale-mbrohen-nga-edi-rama-dhe-altin-dumani-ata-qe-bejne-avokatine-e-farses-elektorale-jane-mercenare-dhe-lakej","status":"publish","type":"post","link":"https:\/\/rdnews.al\/index.php\/2025\/05\/22\/berisha-kriminelet-elektorale-mbrohen-nga-edi-rama-dhe-altin-dumani-ata-qe-bejne-avokatine-e-farses-elektorale-jane-mercenare-dhe-lakej\/","title":{"rendered":"Berisha: Kriminel\u00ebt elektoral\u00eb mbrohen nga Edi Rama dhe Altin Dumani! Ata q\u00eb b\u00ebjn\u00eb avokatin\u00eb e fars\u00ebs elektorale jan\u00eb mercenar\u00eb dhe lakej"},"content":{"rendered":"<p>Kryetari i PD, Sali Berisha s\u00ebbashku me kreun lokal t\u00eb PD n\u00eb Elbasan, Blendi Him\u00e7i dhe drejtuesin politik ka paraqitur para mediave nj\u00eb celul\u00eb t\u00eb manipulimit t\u00eb vot\u00ebs.<\/p>\n<p>Berisha tha se, kriminel\u00ebt elektoral\u00eb mbrohen nga Edi Rama dhe Altin Dumani! Ata q\u00eb b\u00ebjn\u00eb avokatin\u00eb e fars\u00ebs elektorale jan\u00eb mercenar\u00eb dhe lakej.<\/p>\n<p>\u201cAi kurs, ai u zhvillua pik\u00ebrisht p\u00ebr t\u00eb mbuluar k\u00ebt\u00eb. Se k\u00ebto nuk ka sy q\u00eb nuk i sheh q\u00eb jan\u00eb reale. Por partia e krimit, Edi Rama p\u00ebr t\u2019i hapur rrug\u00eb, shteg \u2018trenit bullgar\u2019, krijoi disa fake flet\u00eb votimi, se gjoja do t\u00eb m\u00ebsonte socialist\u00ebt si t\u00eb votonin.<\/p>\n<p>K\u00ebto ishin thjesht\u00eb p\u00ebr t\u00eb maskuar k\u00ebt\u00eb akt q\u00eb kan\u00eb b\u00ebr\u00eb. Bashkit\u00eb kan\u00eb shp\u00ebrndar\u00eb flet\u00ebt e votimit tek qendrat paralele t\u00eb krimit ku jan\u00eb dor\u00ebzuar, ose kuti t\u00eb mbushura, ose treni bullgar, ka disa m\u00ebnyra realizimi i tij..<\/p>\n<p>&#8230;Tani si\u00e7 e dini jan\u00eb dy votime t\u00eb ve\u00e7anta.<\/p>\n<p>I diaspor\u00ebs \u00ebsht\u00eb i ve\u00e7ant\u00eb dhe \u00e7do vot\u00eb \u00ebsht\u00eb vler\u00ebsuar dhe do vler\u00ebsohet n\u00eb p\u00ebrputhje me ligjin.<\/p>\n<p>E nj\u00ebjta gj\u00eb do b\u00ebhet me procesin e p\u00ebrgjithsh\u00ebm, por n\u00eb aspekte t\u00eb tjera.<\/p>\n<p>Ja p\u00ebr shembull, urdh\u00ebro.<\/p>\n<p>\u00c7far\u00eb tregon kjo?<\/p>\n<p>Kjo tregon se n\u00eb dy qendrat ose jan\u00eb vendosur kuti t\u00eb mbushura paraprakisht, gj\u00eb q\u00eb nuk mund t\u00eb jet\u00eb pa shenja. Jo, nuk ndodh pa shenja.<\/p>\n<p>Ose pastaj \u00ebsht\u00eb aplikuar \u2018treni bullgar\u2019.<\/p>\n<p>Por flet\u00ebt e votimit nuk mund t\u00eb jen\u00eb kurr\u00eb n\u00eb k\u00ebt\u00eb form\u00eb jasht\u00eb qendr\u00ebs s\u00eb votimit.<\/p>\n<p>Ato jan\u00eb dh\u00ebn\u00eb vet\u00ebm p\u00ebr k\u00ebt\u00eb p\u00ebrdorim.<\/p>\n<p>Ndaj dhe \u00ebsht\u00eb nj\u00eb damkosje, nuk \u00ebsht\u00eb problemi k\u00ebtu&#8230;<\/p>\n<p>\u00cbsht\u00eb absurde t\u00eb mendosh se vet\u00ebm diaspora.<\/p>\n<p>\u00c7far\u00eb do thoni ju p\u00ebr 20 mij\u00eb votat e ministrit t\u00eb ardhsh\u00ebm t\u00eb brendsh\u00ebm, Arkend Balla?<\/p>\n<p>Sa jan\u00eb vota ato t\u00eb qytetar\u00ebve?<\/p>\n<p>A nuk \u00ebsht\u00eb \u00e7do vot\u00eb krim aty?<\/p>\n<p>Po Ani Dyrmishi?<\/p>\n<p>Po grupi n\u00eb Elbasan?<\/p>\n<p>Po grupi n\u00eb Shkod\u00ebr, Kor\u00e7\u00eb, Vlor\u00eb e kudo?<\/p>\n<p>A nuk jan\u00eb vota krimi k\u00ebto?<\/p>\n<p>\u00c7far\u00eb p\u00ebrfaq\u00ebsojn\u00eb k\u00ebto, vullnetin e qytetar\u00ebve apo vullnetin e kriminel\u00ebve t\u00eb mbrojtur nga Edi Rama dhe Altin Dumani?<\/p>\n<p>A nuk i denoncuam 30 her\u00eb Troplin\u00ebt dhe Poj\u00ebn si zot\u00ebrit e Portit t\u00eb Durr\u00ebsit? Kush i mbronte ata?<\/p>\n<p>Vota n\u00eb krim dhe krimi n\u00eb vot\u00eb, ju e dini, Altin Hajri ka marr\u00eb leje nd\u00ebrtimi, personi n\u00eb ndjekje. Poja disa, jo nj\u00eb.<\/p>\n<p>Ka \u00e7do gj\u00eb t\u00eb cilat groposen nga kriminel\u00eb t\u00eb tipit Dumani dhe Edi Rama.<\/p>\n<p>Groposen&#8230;<\/p>\n<p>\u00c7far\u00eb mendoni ju se Antimafia Italiane e ka b\u00ebr\u00eb p\u00ebr q\u00ebllime elektorale vonimin? Jo, ia ka vonuar Dumani p\u00ebr q\u00ebllime elektorale Antimafias Italiane. Ka mashtruar Antimafian Italiane si ordiner. Se kemi operacion tani, se na prish pun\u00eb tani&#8230;<\/p>\n<p>Dhe Poja \u00e7au ferr\u00ebn.<\/p>\n<p>Kush e njoftoi Elvis Do\u00e7in dhe t\u00eb tjer\u00ebt? Kush i njoftoi?<\/p>\n<p>K\u00ebtu jan\u00eb t\u00eb gjith\u00eb bashk\u00eb.<\/p>\n<p>Edhe ato shishet 36 mij\u00eb euro me k\u00eb i hapte Edi Rama?<\/p>\n<p>K\u00ebtu bota e krimit ka kreun e organizat\u00ebs, ky \u00ebsht\u00eb Edi Rama.<\/p>\n<p>Por k\u00ebto jan\u00eb zgjedhjet.<\/p>\n<p>I them k\u00ebto fjal\u00eb p\u00ebr t\u00eb gjith\u00eb ata lakej q\u00eb nga m\u00ebngjesi gjer n\u00eb dark\u00eb b\u00ebjn\u00eb avokatin\u00eb e turpshme elektorale. Mercenar\u00eb t\u00eb v\u00ebrtet\u00eb t\u00eb fjal\u00ebs s\u00eb lir\u00eb dhe moralit njer\u00ebzor.<\/p>\n<p>B\u00ebjn\u00eb avokatin\u00eb e dhunimit t\u00eb vot\u00ebs.<\/p>\n<p>Urdh\u00ebroni, ja ku \u00ebsht\u00eb, faqezinj q\u00eb dalin dhe mbushin studiot dhe xhepat p\u00ebr t\u00eb b\u00ebr\u00eb avokatin\u00eb e fars\u00ebs s\u00eb zgjedhjeve.<\/p>\n<p>Kjo \u00ebsht\u00eb fars\u00eb, \u00ebsht\u00eb turp p\u00ebr \u00e7do komb, p\u00ebr \u00e7do vend\u201d, u shpreh Berisha.<\/p>\n","protected":false},"excerpt":{"rendered":"<p>Kryetari i PD, Sali Berisha s\u00ebbashku me kreun lokal t\u00eb PD n\u00eb Elbasan, Blendi Him\u00e7i dhe drejtuesin politik ka paraqitur para mediave nj\u00eb celul\u00eb t\u00eb manipulimit t\u00eb vot\u00ebs. Berisha tha se, kriminel\u00ebt elektoral\u00eb mbrohen nga Edi Rama dhe Altin Dumani! Ata q\u00eb b\u00ebjn\u00eb avokatin\u00eb e fars\u00ebs elektorale jan\u00eb mercenar\u00eb dhe lakej. \u201cAi kurs, ai u &hellip;<\/p>\n","protected":false},"author":4,"featured_media":114614,"comment_status":"closed","ping_status":"closed","sticky":false,"template":"","format":"standard","meta":{"footnotes":""},"categories":[37],"tags":[],"class_list":["post-114613","post","type-post","status-publish","format-standard","has-post-thumbnail","","category-politike"],"_links":{"self":[{"href":"https:\/\/rdnews.al\/index.php\/wp-json\/wp\/v2\/posts\/114613","targetHints":{"allow":["GET"]}}],"collection":[{"href":"https:\/\/rdnews.al\/index.php\/wp-json\/wp\/v2\/posts"}],"about":[{"href":"https:\/\/rdnews.al\/index.php\/wp-json\/wp\/v2\/types\/post"}],"author":[{"embeddable":true,"href":"https:\/\/rdnews.al\/index.php\/wp-json\/wp\/v2\/users\/4"}],"replies":[{"embeddable":true,"href":"https:\/\/rdnews.al\/index.php\/wp-json\/wp\/v2\/comments?post=114613"}],"version-history":[{"count":1,"href":"https:\/\/rdnews.al\/index.php\/wp-json\/wp\/v2\/posts\/114613\/revisions"}],"predecessor-version":[{"id":114615,"href":"https:\/\/rdnews.al\/index.php\/wp-json\/wp\/v2\/posts\/114613\/revisions\/114615"}],"wp:featuredmedia":[{"embeddable":true,"href":"https:\/\/rdnews.al\/index.php\/wp-json\/wp\/v2\/media\/114614"}],"wp:attachment":[{"href":"https:\/\/rdnews.al\/index.php\/wp-json\/wp\/v2\/media?parent=114613"}],"wp:term":[{"taxonomy":"category","embeddable":true,"href":"https:\/\/rdnews.al\/index.php\/wp-json\/wp\/v2\/categories?post=114613"},{"taxonomy":"post_tag","embeddable":true,"href":"https:\/\/rdnews.al\/index.php\/wp-json\/wp\/v2\/tags?post=114613"}],"curies":[{"name":"wp","href":"https:\/\/api.w.org\/{rel}","templated":true}]}}